{"id":13299,"date":"2015-02-12T10:30:25","date_gmt":"2015-02-12T16:30:25","guid":{"rendered":"https:\/\/radiowebmx.com\/nota\/?p=13299"},"modified":"2015-02-12T10:30:25","modified_gmt":"2015-02-12T16:30:25","slug":"michoacanos-en-el-extranjero-piden-un-cambio-anticipa-ligia-lopez","status":"publish","type":"post","link":"https:\/\/radiowebmx.com\/nota\/michoacanos-en-el-extranjero-piden-un-cambio-anticipa-ligia-lopez\/","title":{"rendered":"Michoacanos en el extranjero piden un cambio, anticipa Ligia L\u00f3pez"},"content":{"rendered":"<p>Michoac\u00e1n ocupa el primer lugar a nivel nacional, por la migraci\u00f3n de mexicanos a los Estados Unidos de Norteam\u00e9rica, y ha sido un tema que por a\u00f1os ha permeado entre la sociedad michoacana, a decir de la diputada Ligia L\u00f3pez los habitantes que est\u00e1n en el extranjero tienen una visi\u00f3n distinta para la entidad, pues ellos pueden comparar la situaci\u00f3n que a lo largo de este tiempo ha imperado en el Estado y se han manifestado por un cambio.<\/p>\n<p>L\u00f3pez Aceves destac\u00f3 que el \u00a0flujo de migrantes michoacanos al vecino Pa\u00eds del norte, es de 40 mil personas anualmente y entre 2.5 y 3 millones de migrantes en aquella naci\u00f3n son de origen michoacano, de acuerdo a cifras otorgadas por el Gobierno del Estado en la entidad, as\u00ed como de autoridades migratorias.<\/p>\n<p>\u201cLa mayor parte de los 113 municipios que tiene Michoac\u00e1n, registran una intensidad migratoria, muchos de ellos han perdido la esperanza\u201d, por lo que se\u00f1al\u00f3 que actualmente el PAN tiene \u00a0la oportunidad de regresarlos a sus comunidades, es cierto que \u00a0Michoac\u00e1n es un Estado rico en recursos naturales, pero no se ha puesto orden en los sectores productivos, y esa es una preocupaci\u00f3n que la legisladora de extracci\u00f3n panista comparte con Luisa Mar\u00eda Calder\u00f3n.<\/p>\n<p>Asimismo, pidi\u00f3 a los ciudadanos no perder la confianza de que se podr\u00e1n superar no solo esta situaci\u00f3n de inseguridad y falta de empleo, sino todos los graves problemas que enfrenta el Estado, y esta es una oportunidad visible para Luisa Mar\u00eda Calder\u00f3n y el PAN en Michoac\u00e1n, se\u00f1al\u00f3.<\/p>\n<p>La diputada albiazul, coment\u00f3 que en 2011 los migrantes dieron su respaldo a Luisa Mar\u00eda Calder\u00f3n y ahora que se hace visible la oportunidad de que una mujer llegue a gobernar la entidad, genera confianza entre los migrantes michoacanos<\/p>\n<p>Finalmente, subray\u00f3 que la cercan\u00eda que ha mantenido Luisa Mar\u00eda Calder\u00f3n con la sociedad, as\u00ed como la confianza que le dieron los migrantes en el extranjero, hacen de la a\u00fan Senadora el perfil adecuado para gobernar la entidad, adem\u00e1s a\u00f1adi\u00f3 que son cientos de ciudadanos que han perdido su empleo, los que se han visto en la necesidad de migrar al extranjero por falta de oportunidades, y es por ello, que es necesario un cambio de fondo, as\u00ed como reestructurar lo que se requiera por el bien de todas las michoacanas y michoacanos.<\/p>\n","protected":false},"excerpt":{"rendered":"<p>Michoac\u00e1n ocupa el primer lugar a nivel nacional, por la migraci\u00f3n de mexicanos a los Estados Unidos de Norteam\u00e9rica, y ha sido un tema que por a\u00f1os ha permeado entre la sociedad michoacana, a decir de la diputada Ligia L\u00f3pez los habitantes que est\u00e1n en el extranjero tienen una visi\u00f3n distinta para la entidad,<\/p>\n","protected":false},"author":1,"featured_media":13300,"comment_status":"open","ping_status":"open","sticky":false,"template":"","format":"standard","meta":{"footnotes":""},"categories":[14,13,11],"tags":[],"class_list":["post-13299","post","type-post","status-publish","format-standard","has-post-thumbnail","hentry","category-destacadas","category-pan","category-partidos-politicos"],"_links":{"self":[{"href":"https:\/\/radiowebmx.com\/nota\/wp-json\/wp\/v2\/posts\/13299","targetHints":{"allow":["GET"]}}],"collection":[{"href":"https:\/\/radiowebmx.com\/nota\/wp-json\/wp\/v2\/posts"}],"about":[{"href":"https:\/\/radiowebmx.com\/nota\/wp-json\/wp\/v2\/types\/post"}],"author":[{"embeddable":true,"href":"https:\/\/radiowebmx.com\/nota\/wp-json\/wp\/v2\/users\/1"}],"replies":[{"embeddable":true,"href":"https:\/\/radiowebmx.com\/nota\/wp-json\/wp\/v2\/comments?post=13299"}],"version-history":[{"count":1,"href":"https:\/\/radiowebmx.com\/nota\/wp-json\/wp\/v2\/posts\/13299\/revisions"}],"predecessor-version":[{"id":13301,"href":"https:\/\/radiowebmx.com\/nota\/wp-json\/wp\/v2\/posts\/13299\/revisions\/13301"}],"wp:featuredmedia":[{"embeddable":true,"href":"https:\/\/radiowebmx.com\/nota\/wp-json\/wp\/v2\/media\/13300"}],"wp:attachment":[{"href":"https:\/\/radiowebmx.com\/nota\/wp-json\/wp\/v2\/media?parent=13299"}],"wp:term":[{"taxonomy":"category","embeddable":true,"href":"https:\/\/radiowebmx.com\/nota\/wp-json\/wp\/v2\/categories?post=13299"},{"taxonomy":"post_tag","embeddable":true,"href":"https:\/\/radiowebmx.com\/nota\/wp-json\/wp\/v2\/tags?post=13299"}],"curies":[{"name":"wp","href":"https:\/\/api.w.org\/{rel}","templated":true}]}}