{"id":13292,"date":"2015-02-11T15:02:39","date_gmt":"2015-02-11T21:02:39","guid":{"rendered":"https:\/\/radiowebmx.com\/nota\/?p=13292"},"modified":"2015-02-11T15:02:39","modified_gmt":"2015-02-11T21:02:39","slug":"aprueba-iem-respaldo-ciudadano-de-13-aspirantes-a-candidatos-independientes-para-diputaciones-y-ayuntamientos","status":"publish","type":"post","link":"https:\/\/radiowebmx.com\/nota\/aprueba-iem-respaldo-ciudadano-de-13-aspirantes-a-candidatos-independientes-para-diputaciones-y-ayuntamientos\/","title":{"rendered":"Aprueba IEM respaldo ciudadano de 13 aspirantes a Candidatos Independientes para Diputaciones y Ayuntamientos"},"content":{"rendered":"<p>El Consejo General del Instituto Electoral de Michoac\u00e1n (IEM) aprob\u00f3 en sesi\u00f3n extraordinaria la declaratoria respecto del respaldo ciudadano que obtuvieron los aspirantes a candidatos independientes que solicitaron participar en las elecciones a Diputados y Ayuntamientos.<\/p>\n<p>&nbsp;<\/p>\n<p>Con ello, el instituto avala el cumplimiento del requisito de obtener el respaldo de, por lo menos, el 2% de los ciudadanos que integran el listado nominal de la demarcaci\u00f3n por la que competir\u00e1 el aspirante, seg\u00fan lo marca el art\u00edculo 314 del C\u00f3digo Electoral del Estado de Michoac\u00e1n.<\/p>\n<p>&nbsp;<\/p>\n<p>El Consejero Presidente, Ram\u00f3n Hern\u00e1ndez Reyes inform\u00f3 que de los 20 aspirantes que pasaron a la etapa de respaldo ciudadano, 13 fueron procedentes con base a un an\u00e1lisis \u00a0exhaustivo que realiz\u00f3 el Instituto Electoral de Michoac\u00e1n en el que se cruz\u00f3 informaci\u00f3n del Listado Nominal otorgado por el INE con corte al 31 de diciembre del 2014 con las manifestaciones de respaldo recibidas en los comit\u00e9s municipales y distritales para revisar posibles irregularidades.<\/p>\n<p>&nbsp;<\/p>\n<p>\u201cRevisamos que los ciudadanos que brindaron su respaldo no hubieran duplicado su apoyo para otro aspirante a participar en la misma elecci\u00f3n, que tuvieran vigentes sus derechos pol\u00edtico electorales, que estuvieran dados de alta con domicilio en Michoac\u00e1n, que no hayan causado baja del listado nominal por defunci\u00f3n, que no hubieran cancelaci\u00f3n del tr\u00e1mite de ingreso al padr\u00f3n electoral, que estuvieran en el listado nominal, o bien, que los formatos de respaldo contaran con firma o huella\u201d, puntualiz\u00f3 Hern\u00e1ndez Reyes.<\/p>\n<p>&nbsp;<\/p>\n<p>Record\u00f3 que, posterior a esta declaratoria, todav\u00eda quedan pendientes dos etapas m\u00e1s en las que todos los aspirantes a Candidatos Independientes deber\u00e1n informar sobre sus gastos a la Unidad T\u00e9cnica de Fiscalizaci\u00f3n del INE que emitir\u00e1 los dict\u00e1menes correspondientes y la revisi\u00f3n de la solicitud de registro como candidatos para contender en la elecci\u00f3n a diputados y ayuntamientos.<\/p>\n<p>&nbsp;<\/p>\n<p>La Consejera Yurisha Andrade Morales inform\u00f3 que en total se recibieron 39 mil 793 firmas de respaldo ciudadano, de las cuales 39 mil 220 resultaron v\u00e1lidas y que de \u00e9stas el 58 por ciento corresponden a mujeres.<\/p>\n<p>&nbsp;<\/p>\n<p>En ese sentido, la Consejera Elvia Higuera P\u00e9rez resalt\u00f3 la participaci\u00f3n activa de las mujeres en los procesos electorales y el compromiso de las f\u00e9minas con la vida democr\u00e1tica del Estado, y confi\u00f3 en que las propuestas de candidatos tengan perspectiva de g\u00e9nero.<\/p>\n<p>&nbsp;<\/p>\n<p>Por otro lado, el Consejero Jos\u00e9 Rom\u00e1n Ram\u00edrez Vargas indic\u00f3 que de las 39 mil 793 firmas que se recabaron entre todos los aspirantes a Candidatos Independientes, 573 presentaron alguna irregularidad por lo que no fueron consideradas como v\u00e1lidas.<\/p>\n<p>&nbsp;<\/p>\n<p>Por su parte, los Consejeros Martha L\u00f3pez Gonz\u00e1lez, Jaime Rivera Vel\u00e1zquez y Humberto Urquiza Mart\u00ednez recordaron que las declaratorias aprobadas en esta Sesi\u00f3n correspondieron a los aspirantes a candidatos indpendientes para las elecciones de diputados y ayuntamientos ya que el aspirante a candidato independiente a la Gubernatura tiene hasta el 15 de febrero para recibir el respaldo ciudadano y el Consejo General del IEM tiene del 16 al 20 de febrero como plazo para presentar el acuerdo sobre la declaratoria al respecto.<\/p>\n<p>&nbsp;<\/p>\n<p>&nbsp;<\/p>\n","protected":false},"excerpt":{"rendered":"<p>El Consejo General del Instituto Electoral de Michoac\u00e1n (IEM) aprob\u00f3 en sesi\u00f3n extraordinaria la declaratoria respecto del respaldo ciudadano que obtuvieron los aspirantes a candidatos independientes que solicitaron participar en las elecciones a Diputados y Ayuntamientos.<\/p>\n","protected":false},"author":1,"featured_media":13293,"comment_status":"open","ping_status":"open","sticky":false,"template":"","format":"standard","meta":{"footnotes":""},"categories":[14],"tags":[],"class_list":["post-13292","post","type-post","status-publish","format-standard","has-post-thumbnail","hentry","category-destacadas"],"_links":{"self":[{"href":"https:\/\/radiowebmx.com\/nota\/wp-json\/wp\/v2\/posts\/13292","targetHints":{"allow":["GET"]}}],"collection":[{"href":"https:\/\/radiowebmx.com\/nota\/wp-json\/wp\/v2\/posts"}],"about":[{"href":"https:\/\/radiowebmx.com\/nota\/wp-json\/wp\/v2\/types\/post"}],"author":[{"embeddable":true,"href":"https:\/\/radiowebmx.com\/nota\/wp-json\/wp\/v2\/users\/1"}],"replies":[{"embeddable":true,"href":"https:\/\/radiowebmx.com\/nota\/wp-json\/wp\/v2\/comments?post=13292"}],"version-history":[{"count":2,"href":"https:\/\/radiowebmx.com\/nota\/wp-json\/wp\/v2\/posts\/13292\/revisions"}],"predecessor-version":[{"id":13295,"href":"https:\/\/radiowebmx.com\/nota\/wp-json\/wp\/v2\/posts\/13292\/revisions\/13295"}],"wp:featuredmedia":[{"embeddable":true,"href":"https:\/\/radiowebmx.com\/nota\/wp-json\/wp\/v2\/media\/13293"}],"wp:attachment":[{"href":"https:\/\/radiowebmx.com\/nota\/wp-json\/wp\/v2\/media?parent=13292"}],"wp:term":[{"taxonomy":"category","embeddable":true,"href":"https:\/\/radiowebmx.com\/nota\/wp-json\/wp\/v2\/categories?post=13292"},{"taxonomy":"post_tag","embeddable":true,"href":"https:\/\/radiowebmx.com\/nota\/wp-json\/wp\/v2\/tags?post=13292"}],"curies":[{"name":"wp","href":"https:\/\/api.w.org\/{rel}","templated":true}]}}