{"id":13282,"date":"2015-02-11T14:52:12","date_gmt":"2015-02-11T20:52:12","guid":{"rendered":"https:\/\/radiowebmx.com\/nota\/?p=13282"},"modified":"2015-02-11T14:52:12","modified_gmt":"2015-02-11T20:52:12","slug":"chon-orihuela-candidato-del-pri","status":"publish","type":"post","link":"https:\/\/radiowebmx.com\/nota\/chon-orihuela-candidato-del-pri\/","title":{"rendered":"CHON ORIHUELA CANDIDATO DEL PRI"},"content":{"rendered":"<p>El Partido Revolucionario Institucional postul\u00f3 a Ascensi\u00f3n Orihuela B\u00e1rcenas como candidato del PRI a la gubernatura del estado de Michoac\u00e1n.<\/p>\n<p>&nbsp;<\/p>\n<p>En asamblea de Convenci\u00f3n Estatal de Delegados, m\u00e1s de 19 mil pri\u00edstas votaron en sesi\u00f3n Ordinaria la postulaci\u00f3n del abanderado del PRI al Solio de Ocampo. Tras rendir un informe de las actividades que se realizaron en la precampa\u00f1a, el presidente de la Comisi\u00f3n de Procesos Internos as\u00ed como los consejeros integrantes entregaron a Jos\u00e9 Ascensi\u00f3n Orihuela B\u00e1rcenas el acta de mayor\u00eda como candidato.<\/p>\n<p>&nbsp;<\/p>\n<p>En un evento realizado en el Recinto Ferial, el candidato electo del Revolucionario Institucional rindi\u00f3 protesta estatutaria ante el secretario Regional del PRI Nacional, Fernando Moreno Pe\u00f1a, mientras que el exgobernador Carlos Torres Manzo le tomo el juramento de protesta pri\u00edsta.<\/p>\n<p>El candidato pri\u00edsta destac\u00f3 que el Revolucionario Institucional hist\u00f3ricamente es el partido que siempre ha apoyado a todos los sectores de la sociedad, \u201clos pri\u00edstas seremos la fuerza que encabezar\u00e1 el cambio que Michoac\u00e1n necesita, todos unidos vamos a ganar\u201d se\u00f1al\u00f3 el abanderado pri\u00edsta.<\/p>\n<p>&nbsp;<\/p>\n<p>Acompa\u00f1ado por la senadora Cristina D\u00edaz, dirigente nacional de la Confederaci\u00f3n Nacional de Organizaciones Populares (CNOP), diputados locales, federales, los senadores Roc\u00edo Pineda Gochi y Agust\u00edn Trujillo I\u00f1iguez, los exgobernadores, V\u00edctor Tinoco Rub\u00ed y Ausencio Ch\u00e1vez, dirigentes estatales de sectores y organizaciones, Chon Orihuela, recalc\u00f3 el miedo que los adversarios pol\u00edticos le tienen al PRI, porque saben que con el Revolucionario Institucional Michoac\u00e1n va a ganar, dijo que \u201clos pri\u00edstas tenemos muchas razones para sentirnos orgullosos, porque a pesar de las dificultados estamos saliendo adelante y esto tambi\u00e9n es posible gracias al apoyo que nos ha brindado el Presidente de la Rep\u00fablica Enrique Pe\u00f1a Nieto\u201d.<\/p>\n<p>&nbsp;<\/p>\n<p>El candidato pri\u00edsta extern\u00f3 que el PRI ha demostrado que es el partido eficaz, que da resultados, que s\u00ed cumple lo que promete, adem\u00e1s se comprometi\u00f3 a que \u00e9l ser\u00e1 el candidato de todos los sectores de la sociedad, que tendr\u00e1 un gobierno \u00e9tico, responsable e incluyente con todos los michoacanos.<\/p>\n<p>&nbsp;<\/p>\n<p>Expres\u00f3 que el reto es transformar la riqueza de Michoac\u00e1n en una gran prosperidad y se mostr\u00f3 convencido de que con el apoyo de toda la militancia pri\u00edsta ser\u00e1 el pr\u00f3ximo gobernador del estado de Michoac\u00e1n.<\/p>\n<p>&nbsp;<\/p>\n<p>Por su parte el Presidente del Comit\u00e9 Directivo Estatal del PRI en Michoac\u00e1n, Eligio Cuitl\u00e1huac Gonz\u00e1lez Far\u00edas, dijo que hoy se culmin\u00f3 una etapa importante del proceso interno de selecci\u00f3n de candidatos e invit\u00f3 a toda la militancia pri\u00edsta a salir a la sociedad y decir que el PRI postular\u00e1 a los mejores candidatos.<\/p>\n<p>&nbsp;<\/p>\n<p>\u201cEstamos obligados a recuperar lo que hemos perdido por culpa de otros partidos pol\u00edticos, a revertir la pobreza, la inseguridad, el desempleo y todos los factores que han detenido el desarrollo de Michoac\u00e1n y que ha sido gracias a los otros institutos pol\u00edticos.<\/p>\n<p>&nbsp;<\/p>\n<p>Gonz\u00e1lez Far\u00edas, reconoci\u00f3 a Orihuela B\u00e1rcenas como un hombre que aplica la ley, un l\u00edder que llevar\u00e1 adelante a los michoacanos, \u201cpara los tiempos f\u00e1ciles un candidato cualquiera, pero para estos tiempos dif\u00edciles Chon Orihuela\u201d finaliz\u00f3 el dirigente del PRI en Michoac\u00e1n.<\/p>\n<p>&nbsp;<\/p>\n<p>En este tenor el Presidente de la Comisi\u00f3n Estatal de Procesos Internos , Abraham Israel L\u00f3pez con la presencia de todos los miembros de dicha comisi\u00f3n, diputados locales, diputados federales, senadores, presidentes municipales, expresidentes del CDE y de toda la militancia pri\u00edsta, entreg\u00f3 la constancia de mayor\u00eda a Jos\u00e9 Ascensi\u00f3n Orihuela B\u00e1rcenas como el candidato de unidad del Partido Revolucionario Institucional.<\/p>\n","protected":false},"excerpt":{"rendered":"<p>El Partido Revolucionario Institucional postul\u00f3 a Ascensi\u00f3n Orihuela B\u00e1rcenas como candidato del PRI a la gubernatura del estado de Michoac\u00e1n.<\/p>\n","protected":false},"author":1,"featured_media":13283,"comment_status":"open","ping_status":"open","sticky":false,"template":"","format":"standard","meta":{"footnotes":""},"categories":[14,3],"tags":[],"class_list":["post-13282","post","type-post","status-publish","format-standard","has-post-thumbnail","hentry","category-destacadas","category-gobierno-del-estado-de-michoacan"],"_links":{"self":[{"href":"https:\/\/radiowebmx.com\/nota\/wp-json\/wp\/v2\/posts\/13282","targetHints":{"allow":["GET"]}}],"collection":[{"href":"https:\/\/radiowebmx.com\/nota\/wp-json\/wp\/v2\/posts"}],"about":[{"href":"https:\/\/radiowebmx.com\/nota\/wp-json\/wp\/v2\/types\/post"}],"author":[{"embeddable":true,"href":"https:\/\/radiowebmx.com\/nota\/wp-json\/wp\/v2\/users\/1"}],"replies":[{"embeddable":true,"href":"https:\/\/radiowebmx.com\/nota\/wp-json\/wp\/v2\/comments?post=13282"}],"version-history":[{"count":1,"href":"https:\/\/radiowebmx.com\/nota\/wp-json\/wp\/v2\/posts\/13282\/revisions"}],"predecessor-version":[{"id":13284,"href":"https:\/\/radiowebmx.com\/nota\/wp-json\/wp\/v2\/posts\/13282\/revisions\/13284"}],"wp:featuredmedia":[{"embeddable":true,"href":"https:\/\/radiowebmx.com\/nota\/wp-json\/wp\/v2\/media\/13283"}],"wp:attachment":[{"href":"https:\/\/radiowebmx.com\/nota\/wp-json\/wp\/v2\/media?parent=13282"}],"wp:term":[{"taxonomy":"category","embeddable":true,"href":"https:\/\/radiowebmx.com\/nota\/wp-json\/wp\/v2\/categories?post=13282"},{"taxonomy":"post_tag","embeddable":true,"href":"https:\/\/radiowebmx.com\/nota\/wp-json\/wp\/v2\/tags?post=13282"}],"curies":[{"name":"wp","href":"https:\/\/api.w.org\/{rel}","templated":true}]}}