{"id":13258,"date":"2015-02-09T11:48:16","date_gmt":"2015-02-09T17:48:16","guid":{"rendered":"https:\/\/radiowebmx.com\/nota\/?p=13258"},"modified":"2015-02-09T11:48:16","modified_gmt":"2015-02-09T17:48:16","slug":"ayutamiento-consolida-un-morelia-sustentable","status":"publish","type":"post","link":"https:\/\/radiowebmx.com\/nota\/ayutamiento-consolida-un-morelia-sustentable\/","title":{"rendered":"AYUTAMIENTO CONSOLIDA UN MORELIA SUSTENTABLE"},"content":{"rendered":"<p>En cumplimiento al compromiso del alcalde Wilfrido L\u00e1zaro Medina, de consolidar un \u201cMorelia Sustentable\u201d, la Secretar\u00eda de Servicios P\u00fablicos, a trav\u00e9s de la Direcci\u00f3n de Aseo, ofreci\u00f3 una serie de talleres y pl\u00e1ticas a diferentes actores que intervienen en el proceso de la Gesti\u00f3n Integral de Residuos S\u00f3lidos Urbanos (GIRSU) en la capital michoacana.<\/p>\n<p>&nbsp;<\/p>\n<p>Declarado el 2015 como el a\u00f1o de la separaci\u00f3n de residuos, en la dependencia se realizan acciones encaminadas a la capacitaci\u00f3n de los mil 500 recolectores que conforman las 10 empresas concesionadas que laboran en el municipio, para que asuman ser participantes activos en la GIRSU, en conjunto con la ciudadan\u00eda.<\/p>\n<p>&nbsp;<\/p>\n<p>Para lograr lo anterior, es necesario que la sociedad revalorice la imagen de las personas que diariamente realizan el importante y necesario trabajo de recolecci\u00f3n domiciliaria, por ello el Ayuntamiento extiende una invitaci\u00f3n a los morelianos para que cooperen con el h\u00e1bito de separar los residuos generados en sus viviendas o comercios y as\u00ed sean entregados a las camionetas recolectoras oficiales o particulares.<\/p>\n<p>&nbsp;<\/p>\n<p>En este mismo sentido y abonando a la Gesti\u00f3n Integral de Residuos S\u00f3lidos Urbanos, personal del Programa S.O.S de la Direcci\u00f3n de Aseo P\u00fablico arranc\u00f3 a mediados del mes de enero la capacitaci\u00f3n a instituciones educativas, empresas e instancias gubernamentales sobre el manejo adecuado de residuos, con el objetivo de concientizar en relaci\u00f3n a la importancia de la separaci\u00f3n.<\/p>\n<p>&nbsp;<\/p>\n<p>Con la participaci\u00f3n de 20 empleados, la empresa Dish fue la primera en recibir este tipo de conferencias, en las cuales se fomentan las pr\u00e1cticas de reducci\u00f3n, reutilizaci\u00f3n, separaci\u00f3n y reciclaje de residuos s\u00f3lidos.<\/p>\n<p>&nbsp;<\/p>\n<p>De la misma forma se ofrecieron pl\u00e1ticas a 15 futuras auxiliares de educadoras que estudian en el Centro Estatal de Capacitaci\u00f3n para el Trabajo &#8220;Jos\u00e9 Vasconcelos&#8221;; as\u00ed como un taller de Recicloterapia en el que aprenden a reutilizar materiales reciclables que la mayor\u00eda de las personas piensan es \u201cbasura\u201d y no tienen ya ninguna utilidad, no obstante con ellos se pueden elaborar juguetes, adornos, billeteras y art\u00edculos para el hogar, escuela u oficina.<\/p>\n<p>&nbsp;<\/p>\n<p>A trav\u00e9s de estas acciones, implementadas por la administraci\u00f3n municipal, a lo largo del a\u00f1o pasado fue posible que m\u00e1s de 10 mil alumnos adquirieran una mayor cultura en el tratamiento de los residuos, as\u00ed como profesores y padres de familia.<\/p>\n<p>&nbsp;<\/p>\n<p>La aplicaci\u00f3n de la Gesti\u00f3n Integral de Residuos S\u00f3lidos Urbanos busca incrementar significativamente el porcentaje de residuos reutilizados, ya que actualmente s\u00f3lo el 20 por ciento de las mil 500 toneladas que se generan en Morelia se reciclan en las diferentes plantas que para tal fin existen en la ciudad.<\/p>\n","protected":false},"excerpt":{"rendered":"<p>En cumplimiento al compromiso del alcalde Wilfrido L\u00e1zaro Medina, de consolidar un \u201cMorelia Sustentable\u201d, la Secretar\u00eda de Servicios P\u00fablicos, a trav\u00e9s de la Direcci\u00f3n de Aseo,<\/p>\n","protected":false},"author":1,"featured_media":13259,"comment_status":"open","ping_status":"open","sticky":false,"template":"","format":"standard","meta":{"footnotes":""},"categories":[14,9],"tags":[],"class_list":["post-13258","post","type-post","status-publish","format-standard","has-post-thumbnail","hentry","category-destacadas","category-morelia"],"_links":{"self":[{"href":"https:\/\/radiowebmx.com\/nota\/wp-json\/wp\/v2\/posts\/13258","targetHints":{"allow":["GET"]}}],"collection":[{"href":"https:\/\/radiowebmx.com\/nota\/wp-json\/wp\/v2\/posts"}],"about":[{"href":"https:\/\/radiowebmx.com\/nota\/wp-json\/wp\/v2\/types\/post"}],"author":[{"embeddable":true,"href":"https:\/\/radiowebmx.com\/nota\/wp-json\/wp\/v2\/users\/1"}],"replies":[{"embeddable":true,"href":"https:\/\/radiowebmx.com\/nota\/wp-json\/wp\/v2\/comments?post=13258"}],"version-history":[{"count":1,"href":"https:\/\/radiowebmx.com\/nota\/wp-json\/wp\/v2\/posts\/13258\/revisions"}],"predecessor-version":[{"id":13260,"href":"https:\/\/radiowebmx.com\/nota\/wp-json\/wp\/v2\/posts\/13258\/revisions\/13260"}],"wp:featuredmedia":[{"embeddable":true,"href":"https:\/\/radiowebmx.com\/nota\/wp-json\/wp\/v2\/media\/13259"}],"wp:attachment":[{"href":"https:\/\/radiowebmx.com\/nota\/wp-json\/wp\/v2\/media?parent=13258"}],"wp:term":[{"taxonomy":"category","embeddable":true,"href":"https:\/\/radiowebmx.com\/nota\/wp-json\/wp\/v2\/categories?post=13258"},{"taxonomy":"post_tag","embeddable":true,"href":"https:\/\/radiowebmx.com\/nota\/wp-json\/wp\/v2\/tags?post=13258"}],"curies":[{"name":"wp","href":"https:\/\/api.w.org\/{rel}","templated":true}]}}