{"id":13254,"date":"2015-02-09T11:24:32","date_gmt":"2015-02-09T17:24:32","guid":{"rendered":"https:\/\/radiowebmx.com\/nota\/?p=13254"},"modified":"2015-02-09T11:24:32","modified_gmt":"2015-02-09T17:24:32","slug":"estancia-diurna-del-adulto-mayor-por-un-morelia-solidario","status":"publish","type":"post","link":"https:\/\/radiowebmx.com\/nota\/estancia-diurna-del-adulto-mayor-por-un-morelia-solidario\/","title":{"rendered":"ESTANCIA DIURNA DEL ADULTO MAYOR, POR UN MORELIA SOLIDARIO"},"content":{"rendered":"<p>El Comit\u00e9 para el Desarrollo Integral de la Familia (DIF) de Morelia, que preside Margarita Oribio de L\u00e1zaro, trabaja para fortalecer la cultura del cuidado y atenci\u00f3n a las personas de la tercera edad del municipio, a trav\u00e9s de los talleres y actividades que ofrece en la Estancia Diurna del Adulto Mayor (EDAM).<\/p>\n<p>El coordinador de la EDAM, Alejandro Garc\u00eda Pozos,\u00a0inform\u00f3 que la instituci\u00f3n cuenta con diferentes \u00e1reas, como enfermer\u00eda, odontolog\u00eda, psicolog\u00eda, rehabilitaci\u00f3n, servicio m\u00e9dico, podolog\u00eda, belleza, entre otras; adem\u00e1s, ofrece talleres de recreaci\u00f3n, a fin de garantizar su bienestar integral para su cuidado.<\/p>\n<p>Son el canto, el baile de sal\u00f3n, el acondicionamiento f\u00edsico como el tai-chi y otras terapias de ejercicio y meditaci\u00f3n las que conforman las actividades ofrecidas a habitantes de m\u00e1s de 60 a\u00f1os, quienes tambi\u00e9n tienen la opci\u00f3n de aprender a elaborar manualidades con materiales de papel, tela, repujado, etc.<\/p>\n<p>\u201cEl n\u00famero de adultos mayores, en proporci\u00f3n con la poblaci\u00f3n, va en crecimiento, para lo que no estamos preparados ni tenemos la cultura como familia, ni sociedad. Por ello, este es un programa muy atinado para empezar a generar la cultura sobre el cuidado y atenci\u00f3n que merecen los adultos mayores\u201d, dijo Garc\u00eda Pozos.<\/p>\n<p>El coordinador asegur\u00f3 que cuentan todav\u00eda con capacidad para recibir m\u00e1s usuarios, a quienes el personal del \u00e1rea de trabajo social les realiza un estudio socio-econ\u00f3mico, con el objetivo de detectar cu\u00e1les son sus padecimientos, enfermedades y tener un mejor diagn\u00f3stico de salud que permita ofrecerles una mejor atenci\u00f3n.<\/p>\n<p>Indic\u00f3 que otro de los requisitos para unirse al grupo de adultos mayores de la EDAM es una cuota mensual (de acuerdo al estudio socio-econ\u00f3mico) con la que se cubren gastos de medicamentos, desayuno, adem\u00e1s de una colaci\u00f3n a mediod\u00eda y la comida.<\/p>\n<p>\u201cPara que un adulto pueda ingresar aqu\u00ed, a la estancia, es que necesario que tenga 60 a\u00f1os y est\u00e9 en condiciones de valerse por s\u00ed mismo, es decir, que sea aut\u00f3nomo en su cuidado personal, moverse, ir al ba\u00f1o, que es lo b\u00e1sico. Por lo dem\u00e1s, aqu\u00ed hay \u00e1rea de enfermer\u00eda que los apoya\u201d, se\u00f1al\u00f3 Garc\u00eda Pozos.<\/p>\n<p>Se\u00f1al\u00f3 que el programa comprende la participaci\u00f3n de un familiar solidario y responsable que los acompa\u00f1e en esta etapa: \u201cPor esto, generamos una responsabilidad compartida del DIF municipal y la familia para dar una atenci\u00f3n m\u00e1s integral, m\u00e1s completa y no sea nada m\u00e1s el ratito que est\u00e9n aqu\u00ed en la estancia\u201d, expres\u00f3.<\/p>\n<p>El horario de atenci\u00f3n de la EDAM es de lunes a viernes, de 8:00 horas a 15:00 horas, y cuenta con transporte que recorre varios puntos de la ciudad para facilitar a los usuarios el regreso a sus casas por las tardes.<\/p>\n<p>Las personas interesadas en participar en este programa pueden consultar informaci\u00f3n \u00a0en los tel\u00e9fonos 3 21 22 66 y 3 21 22 88.<\/p>\n","protected":false},"excerpt":{"rendered":"<p>El Comit\u00e9 para el Desarrollo Integral de la Familia (DIF) de Morelia, que preside Margarita Oribio de L\u00e1zaro, trabaja para fortalecer la cultura del cuidado y atenci\u00f3n a las personas de la tercera edad del municipio, a trav\u00e9s de los talleres y actividades que ofrece en la Estancia Diurna del Adulto Mayor (EDAM).<\/p>\n","protected":false},"author":1,"featured_media":13255,"comment_status":"open","ping_status":"open","sticky":false,"template":"","format":"standard","meta":{"footnotes":""},"categories":[14,9],"tags":[],"class_list":["post-13254","post","type-post","status-publish","format-standard","has-post-thumbnail","hentry","category-destacadas","category-morelia"],"_links":{"self":[{"href":"https:\/\/radiowebmx.com\/nota\/wp-json\/wp\/v2\/posts\/13254","targetHints":{"allow":["GET"]}}],"collection":[{"href":"https:\/\/radiowebmx.com\/nota\/wp-json\/wp\/v2\/posts"}],"about":[{"href":"https:\/\/radiowebmx.com\/nota\/wp-json\/wp\/v2\/types\/post"}],"author":[{"embeddable":true,"href":"https:\/\/radiowebmx.com\/nota\/wp-json\/wp\/v2\/users\/1"}],"replies":[{"embeddable":true,"href":"https:\/\/radiowebmx.com\/nota\/wp-json\/wp\/v2\/comments?post=13254"}],"version-history":[{"count":2,"href":"https:\/\/radiowebmx.com\/nota\/wp-json\/wp\/v2\/posts\/13254\/revisions"}],"predecessor-version":[{"id":13257,"href":"https:\/\/radiowebmx.com\/nota\/wp-json\/wp\/v2\/posts\/13254\/revisions\/13257"}],"wp:featuredmedia":[{"embeddable":true,"href":"https:\/\/radiowebmx.com\/nota\/wp-json\/wp\/v2\/media\/13255"}],"wp:attachment":[{"href":"https:\/\/radiowebmx.com\/nota\/wp-json\/wp\/v2\/media?parent=13254"}],"wp:term":[{"taxonomy":"category","embeddable":true,"href":"https:\/\/radiowebmx.com\/nota\/wp-json\/wp\/v2\/categories?post=13254"},{"taxonomy":"post_tag","embeddable":true,"href":"https:\/\/radiowebmx.com\/nota\/wp-json\/wp\/v2\/tags?post=13254"}],"curies":[{"name":"wp","href":"https:\/\/api.w.org\/{rel}","templated":true}]}}