{"id":13251,"date":"2015-02-09T11:18:44","date_gmt":"2015-02-09T17:18:44","guid":{"rendered":"https:\/\/radiowebmx.com\/nota\/?p=13251"},"modified":"2015-02-09T11:18:44","modified_gmt":"2015-02-09T17:18:44","slug":"por-un-morelia-sin-hambre-ayuntamiento-impulsa-comedores-comunitarios","status":"publish","type":"post","link":"https:\/\/radiowebmx.com\/nota\/por-un-morelia-sin-hambre-ayuntamiento-impulsa-comedores-comunitarios\/","title":{"rendered":"POR UN MORELIA SIN HAMBRE, AYUNTAMIENTO IMPULSA COMEDORES COMUNITARIOS"},"content":{"rendered":"<p>El Centro Hist\u00f3rico fue sede del Encuentro de Cocineras de Comedores Comunitarios que impulsa el Ayuntamiento de Morelia, en una Suma de Voluntades con los gobiernos federal y estatal, en cumplimiento a las enmiendas del presidente de la Rep\u00fablica, Enrique Pe\u00f1a Nieto y del alcalde Wilfrido L\u00e1zaro Medina, para acabar con el hambre en el municipio.<\/p>\n<p>&nbsp;<\/p>\n<p>Con una inversi\u00f3n de 10 millones 600 mil pesos, la Secretar\u00eda de Desarrollo Social municipal aplica recursos federales para dignificar la vida de los morelianos a trav\u00e9s de la Cruzada Nacional Sin Hambre, impactando a mil 920 beneficiarios con este programa.<\/p>\n<p>&nbsp;<\/p>\n<p>En Morelia, la administraci\u00f3n local ha capacitado a 320 cocineras para instalar 16 comedores comunitarios, donde sirven alimentos nutritivos para beneficio de los habitantes con escasos recursos.<\/p>\n<p>&nbsp;<\/p>\n<p>Durante el encuentro, realizado la ma\u00f1ana de este s\u00e1bado en la Cerrada de San Agust\u00edn, el secretario de Desarrollo Social del municipio, Carlos Hern\u00e1ndez L\u00f3pez, en representaci\u00f3n de L\u00e1zaro Medina, reconoci\u00f3 el esfuerzo de las cocineras para alimentar a la gente que vive en colonias donde existen mayores condiciones de vulnerabilidad.<\/p>\n<p>&nbsp;<\/p>\n<p>\u201cA las cocineras, por eso, queremos darles las gracias porque de sus manos y de su coraz\u00f3n salen esos alimentos que ofrecen a la gente que m\u00e1s lo necesita\u201d, se\u00f1al\u00f3 Hern\u00e1ndez L\u00f3pez.<\/p>\n<p>&nbsp;<\/p>\n<p>Asimismo, el delegado federal de la SEDESOL, V\u00edctor Silva Tejeda, resalt\u00f3 el trabajo coordinado entre el gobierno municipal y federal para alcanzar la meta y acabar con el hambre en los sectores de la poblaci\u00f3n m\u00e1s afectados.<\/p>\n<p>&nbsp;<\/p>\n<p>Posteriormente, Rosa Mar\u00eda Vel\u00e1zquez, vocal de Alimentaci\u00f3n del Comedor de la colonia Valle de Los Manantiales, alent\u00f3 a las compa\u00f1eras cocineras a continuar con esta labor que ya vienen realizando desde hace un a\u00f1o en el municipio.<\/p>\n<p>&nbsp;<\/p>\n<p>Las autoridades hicieron recorrido para degustar los platillos de las cocineras de los comedores comunitarios, ofertados por ellas en la Cerrada de San Agust\u00edn, y realizados con los insumos que les otorga puntualmente la Sedesol.<\/p>\n","protected":false},"excerpt":{"rendered":"<p>El Centro Hist\u00f3rico fue sede del Encuentro de Cocineras de Comedores Comunitarios que impulsa el Ayuntamiento de Morelia, en una Suma de Voluntades con los gobiernos federal y estatal, en cumplimiento a las enmiendas del presidente de la Rep\u00fablica, EPN y del alcalde WLM,<\/p>\n","protected":false},"author":1,"featured_media":13252,"comment_status":"open","ping_status":"open","sticky":false,"template":"","format":"standard","meta":{"footnotes":""},"categories":[14,9],"tags":[],"class_list":["post-13251","post","type-post","status-publish","format-standard","has-post-thumbnail","hentry","category-destacadas","category-morelia"],"_links":{"self":[{"href":"https:\/\/radiowebmx.com\/nota\/wp-json\/wp\/v2\/posts\/13251","targetHints":{"allow":["GET"]}}],"collection":[{"href":"https:\/\/radiowebmx.com\/nota\/wp-json\/wp\/v2\/posts"}],"about":[{"href":"https:\/\/radiowebmx.com\/nota\/wp-json\/wp\/v2\/types\/post"}],"author":[{"embeddable":true,"href":"https:\/\/radiowebmx.com\/nota\/wp-json\/wp\/v2\/users\/1"}],"replies":[{"embeddable":true,"href":"https:\/\/radiowebmx.com\/nota\/wp-json\/wp\/v2\/comments?post=13251"}],"version-history":[{"count":1,"href":"https:\/\/radiowebmx.com\/nota\/wp-json\/wp\/v2\/posts\/13251\/revisions"}],"predecessor-version":[{"id":13253,"href":"https:\/\/radiowebmx.com\/nota\/wp-json\/wp\/v2\/posts\/13251\/revisions\/13253"}],"wp:featuredmedia":[{"embeddable":true,"href":"https:\/\/radiowebmx.com\/nota\/wp-json\/wp\/v2\/media\/13252"}],"wp:attachment":[{"href":"https:\/\/radiowebmx.com\/nota\/wp-json\/wp\/v2\/media?parent=13251"}],"wp:term":[{"taxonomy":"category","embeddable":true,"href":"https:\/\/radiowebmx.com\/nota\/wp-json\/wp\/v2\/categories?post=13251"},{"taxonomy":"post_tag","embeddable":true,"href":"https:\/\/radiowebmx.com\/nota\/wp-json\/wp\/v2\/tags?post=13251"}],"curies":[{"name":"wp","href":"https:\/\/api.w.org\/{rel}","templated":true}]}}