{"id":13247,"date":"2015-02-09T10:55:15","date_gmt":"2015-02-09T16:55:15","guid":{"rendered":"https:\/\/radiowebmx.com\/nota\/?p=13247"},"modified":"2015-02-09T10:55:33","modified_gmt":"2015-02-09T16:55:33","slug":"panistas-ratifican-a-cocoa-a-la-gubernatura-y-a-ignacio-alvarado-por-morelia","status":"publish","type":"post","link":"https:\/\/radiowebmx.com\/nota\/panistas-ratifican-a-cocoa-a-la-gubernatura-y-a-ignacio-alvarado-por-morelia\/","title":{"rendered":"Panistas ratifican a Cocoa a la gubernatura y a Ignacio Alvarado por Morelia"},"content":{"rendered":"<p>\u201cCon candidatos leg\u00edtimos y democr\u00e1ticos, el gran ganador de la jornada interna son los michoacanos y hoy el panismo entidad lo est\u00e1 celebrando\u201d, afirm\u00f3 el presidente estatal del Partido Acci\u00f3n Nacional (PAN), Miguel \u00c1ngel Ch\u00e1vez Zavala, toda vez que \u201cpreferimos correr los riesgos de la democracia, confiar en nuestra naturaleza c\u00edvica y jug\u00e1rnosla con los panistas para organizar un arduo proceso electoral a cambio de dotar de una significativa legitimidad a nuestros candidatos, misma que ning\u00fan otro partido puede presumir\u201d.<\/p>\n<p>&nbsp;<\/p>\n<p>Al presentar los resultados de la voluntad de los panistas en las urnas en compa\u00f1\u00eda de los integrantes de la Comisi\u00f3n Organizadora Electoral Estatal as\u00ed como por representantes de la Comisi\u00f3n Organizadora Electoral Nacional, el dirigente blanquiazul declar\u00f3 que si bien es cierto que hace algunos meses la dirigencia estatal y la Comisi\u00f3n Permanente Nacional decidi\u00f3 tomar la ruta m\u00e1s dif\u00edcil para la selecci\u00f3n de los candidatos de Acci\u00f3n Nacional con el voto de los militantes, ahora con gran orgullo pueden decir que fueron el \u00fanico partido pol\u00edtico en Michoac\u00e1n que respet\u00f3 el derecho de sus militantes de elegir democr\u00e1ticamente a sus candidatos.<\/p>\n<p>&nbsp;<\/p>\n<p>\u201cEn el PAN estamos muy satisfechos de que hoy los michoacanos puedan diferenciar y contrastar la esencia y la vocaci\u00f3n democr\u00e1tica de los partidos pol\u00edticos en Michoac\u00e1n; donde esta jornada electoral con el voto de los militantes se le otorga una enorme legitimidad a nuestra abanderada a la gubernatura, Luisa Mar\u00eda Calder\u00f3n Hinojosa, y al resto de los candidatos que hoy resultaron favorecidos\u201d, se\u00f1al\u00f3.<\/p>\n<p>&nbsp;<\/p>\n<p>Como parte del reporte de la jornada, el jefe del panismo michoacano inform\u00f3 que se vivi\u00f3 una ordenada y tranquila elecci\u00f3n interna con incidentes menores, en donde se instalaron los 111 centros de votaci\u00f3n en 81 municipios, con la participaci\u00f3n de 555 funcionarios electorales, 100 auxiliares de casilla y 647 representantes de los precandidatos, es decir, m\u00e1s de mil 300 panistas voluntarios que organizaron y vigilaron la jornada electoral.<\/p>\n<p>&nbsp;<\/p>\n<p>Asimismo, agreg\u00f3, que con 76 por ciento de las urnas computadas se cumplieron las expectativas de participaci\u00f3n de los militantes ya que votaron m\u00e1s de 10 mil 600 militantes, lo que representa m\u00e1s del 72 por ciento del listado nominal, con lo que se super\u00f3 la meta establecida del 70 por ciento.<\/p>\n<p>&nbsp;<\/p>\n<p>Por ello, el Comit\u00e9 Directivo Estatal inform\u00f3 que los resultados preliminares arrojan que la candidata a gobernadora fue refrendada con 8 mil 135 votos, mientras que como candidatos a los ayuntamientos fueron elegidos C\u00e9sar Palafox Quintero en Los Reyes, Jorge Omar Gonz\u00e1lez S\u00e1nchez en Marcos Castellanos, Jaime G\u00f3mez Gonz\u00e1lez en Acuitzio, Alejandro Serrato Tapia en Zinap\u00e9cuaro, Gerardo Garc\u00eda en Zamora, Marta Laura Sol\u00eds Garc\u00eda en Quer\u00e9ndaro, Guillermo Alberto Hope G\u00f3mez en Zit\u00e1cuaro y Sergio Ben\u00edtez Su\u00e1rez en Uruapan.<\/p>\n<p>&nbsp;<\/p>\n<p>De igual forma fueron ratificados como candidatos a presidentes municipales:<\/p>\n<p>&nbsp;<\/p>\n<div align=\"center\">\n<table width=\"379\" border=\"0\" cellspacing=\"0\" cellpadding=\"0\">\n<tbody>\n<tr>\n<td valign=\"bottom\" nowrap=\"nowrap\" width=\"218\"><b>Candidato<\/b><\/td>\n<td valign=\"bottom\" nowrap=\"nowrap\" width=\"161\">\n<p align=\"center\"><b>Municipio<\/b><\/p>\n<\/td>\n<\/tr>\n<tr>\n<td valign=\"bottom\" nowrap=\"nowrap\" width=\"218\">Pascual Merlos Rubio<\/td>\n<td valign=\"bottom\" nowrap=\"nowrap\" width=\"161\">\n<p align=\"center\">\u00c1poro<\/p>\n<\/td>\n<\/tr>\n<tr>\n<td valign=\"bottom\" nowrap=\"nowrap\" width=\"218\">Ram\u00f3n Hern\u00e1ndez Y\u00e9pez<\/td>\n<td valign=\"bottom\" nowrap=\"nowrap\" width=\"161\">\n<p align=\"center\">Charo<\/p>\n<\/td>\n<\/tr>\n<tr>\n<td valign=\"bottom\" nowrap=\"nowrap\" width=\"218\">Ramiro Mares C\u00e1rdenas<\/td>\n<td valign=\"bottom\" nowrap=\"nowrap\" width=\"161\">\n<p align=\"center\">Chavinda<\/p>\n<\/td>\n<\/tr>\n<tr>\n<td valign=\"bottom\" nowrap=\"nowrap\" width=\"218\">Manuel Mendoza P\u00e9rez<\/td>\n<td valign=\"bottom\" nowrap=\"nowrap\" width=\"161\">\n<p align=\"center\">Coalcom\u00e1n<\/p>\n<\/td>\n<\/tr>\n<tr>\n<td valign=\"bottom\" nowrap=\"nowrap\" width=\"218\">David Pulido Valencia<\/td>\n<td valign=\"bottom\" nowrap=\"nowrap\" width=\"161\">\n<p align=\"center\">Cotija<\/p>\n<\/td>\n<\/tr>\n<tr>\n<td valign=\"bottom\" nowrap=\"nowrap\" width=\"218\">Juan Carlos Bravo Vega<\/td>\n<td valign=\"bottom\" nowrap=\"nowrap\" width=\"161\">\n<p align=\"center\">Ecuandureo<\/p>\n<\/td>\n<\/tr>\n<tr>\n<td valign=\"bottom\" nowrap=\"nowrap\" width=\"218\">Salvador Alcal\u00e1 G\u00f3mez<\/td>\n<td valign=\"bottom\" nowrap=\"nowrap\" width=\"161\">\n<p align=\"center\">Ixtl\u00e1n<\/p>\n<\/td>\n<\/tr>\n<tr>\n<td valign=\"bottom\" nowrap=\"nowrap\" width=\"218\">J Jes\u00fas Valencia Mendoza<\/td>\n<td valign=\"bottom\" nowrap=\"nowrap\" width=\"161\">\n<p align=\"center\">Jiquilpan<\/p>\n<\/td>\n<\/tr>\n<tr>\n<td valign=\"bottom\" nowrap=\"nowrap\" width=\"218\">Daniel Zarate Estrada<\/td>\n<td valign=\"bottom\" nowrap=\"nowrap\" width=\"161\">\n<p align=\"center\">Numar\u00e1n<\/p>\n<\/td>\n<\/tr>\n<tr>\n<td valign=\"bottom\" nowrap=\"nowrap\" width=\"218\">Rafael Vaca Zapi\u00e9n<\/td>\n<td valign=\"bottom\" nowrap=\"nowrap\" width=\"161\">\n<p align=\"center\">Pajacuar\u00e1n<\/p>\n<\/td>\n<\/tr>\n<tr>\n<td valign=\"bottom\" nowrap=\"nowrap\" width=\"218\">Jos\u00e9 Luis S\u00e1nchez Mora<\/td>\n<td valign=\"bottom\" nowrap=\"nowrap\" width=\"161\">\n<p align=\"center\">Perib\u00e1n<\/p>\n<\/td>\n<\/tr>\n<tr>\n<td valign=\"bottom\" nowrap=\"nowrap\" width=\"218\">Fernando Garnica Vargas<\/td>\n<td valign=\"bottom\" nowrap=\"nowrap\" width=\"161\">\n<p align=\"center\">Quiroga<\/p>\n<\/td>\n<\/tr>\n<tr>\n<td valign=\"bottom\" nowrap=\"nowrap\" width=\"218\">Armando Tejeda Cid<\/td>\n<td valign=\"bottom\" nowrap=\"nowrap\" width=\"161\">\n<p align=\"center\">Sahuayo<\/p>\n<\/td>\n<\/tr>\n<tr>\n<td valign=\"bottom\" nowrap=\"nowrap\" width=\"218\">Ulises Serrano S\u00edxtos<\/td>\n<td valign=\"bottom\" nowrap=\"nowrap\" width=\"161\">\n<p align=\"center\">San Lucas<\/p>\n<\/td>\n<\/tr>\n<tr>\n<td valign=\"bottom\" nowrap=\"nowrap\" width=\"218\">Mar\u00eda Ang\u00e9lica \u00d3rtiz Garc\u00eda<\/td>\n<td valign=\"bottom\" nowrap=\"nowrap\" width=\"161\">\n<p align=\"center\">Santa Ana Maya<\/p>\n<\/td>\n<\/tr>\n<tr>\n<td valign=\"bottom\" nowrap=\"nowrap\" width=\"218\">Arturo Hern\u00e1ndez V\u00e1zquez<\/td>\n<td valign=\"bottom\" nowrap=\"nowrap\" width=\"161\">\n<p align=\"center\">Tanganc\u00edcuaro<\/p>\n<\/td>\n<\/tr>\n<tr>\n<td valign=\"bottom\" nowrap=\"nowrap\" width=\"218\">Alejandro Ch\u00e1vez Zavala<\/td>\n<td valign=\"bottom\" nowrap=\"nowrap\" width=\"161\">\n<p align=\"center\">Taretan<\/p>\n<\/td>\n<\/tr>\n<tr>\n<td valign=\"bottom\" nowrap=\"nowrap\" width=\"218\">H\u00e9ctor P\u00e9rez Rangel<\/td>\n<td valign=\"bottom\" nowrap=\"nowrap\" width=\"161\">\n<p align=\"center\">Tar\u00edmbaro<\/p>\n<\/td>\n<\/tr>\n<tr>\n<td valign=\"bottom\" nowrap=\"nowrap\" width=\"218\">Jes\u00fas Fernando Pulido Quintero<\/td>\n<td valign=\"bottom\" nowrap=\"nowrap\" width=\"161\">\n<p align=\"center\">Tinguind\u00edn<\/p>\n<\/td>\n<\/tr>\n<tr>\n<td valign=\"bottom\" nowrap=\"nowrap\" width=\"218\">J Jes\u00fas Maga\u00f1a Espinoza<\/td>\n<td valign=\"bottom\" nowrap=\"nowrap\" width=\"161\">\n<p align=\"center\">Tocumbo<\/p>\n<\/td>\n<\/tr>\n<tr>\n<td valign=\"bottom\" nowrap=\"nowrap\" width=\"218\">Jacobo L\u00f3pez Flores<\/td>\n<td valign=\"bottom\" nowrap=\"nowrap\" width=\"161\">\n<p align=\"center\">Tuxpan<\/p>\n<\/td>\n<\/tr>\n<tr>\n<td valign=\"bottom\" nowrap=\"nowrap\" width=\"218\">Hugo Mej\u00eda Zepeda<\/td>\n<td valign=\"bottom\" nowrap=\"nowrap\" width=\"161\">\n<p align=\"center\">V. Carranza<\/p>\n<\/td>\n<\/tr>\n<tr>\n<td valign=\"bottom\" nowrap=\"nowrap\" width=\"218\">Edgar Osvaldo Le\u00f3n Fern\u00e1ndez<\/td>\n<td valign=\"bottom\" nowrap=\"nowrap\" width=\"161\">\n<p align=\"center\">Cuitzeo<\/p>\n<\/td>\n<\/tr>\n<tr>\n<td valign=\"bottom\" nowrap=\"nowrap\" width=\"218\">Juan Calder\u00f3n Castillejo<\/td>\n<td valign=\"bottom\" nowrap=\"nowrap\" width=\"161\">\n<p align=\"center\">Erongar\u00edcuaro<\/p>\n<\/td>\n<\/tr>\n<tr>\n<td valign=\"bottom\" nowrap=\"nowrap\" width=\"218\">Jes\u00fas God\u00ednez Cervantes<\/td>\n<td valign=\"bottom\" nowrap=\"nowrap\" width=\"161\">\n<p align=\"center\">Yur\u00e9cuaro<\/p>\n<\/td>\n<\/tr>\n<tr>\n<td valign=\"bottom\" nowrap=\"nowrap\" width=\"218\">Ra\u00fal Pineda\u00a0Carbajal<\/td>\n<td valign=\"bottom\" nowrap=\"nowrap\" width=\"161\">\n<p align=\"center\">Huetamo<\/p>\n<\/td>\n<\/tr>\n<\/tbody>\n<\/table>\n<\/div>\n<p>&nbsp;<\/p>\n<p>&nbsp;<\/p>\n<p>En cuanto a los diputados locales por mayor\u00eda relativa, en Morelia resultaron vencedores, Paulina Torres en el Distrito X, Fernando Contreras M\u00e9ndez en el Distrito XI, Miguel \u00c1ngel Villegas Soto en el Distrito XVI y Andrea Villanueva en el Distrito XVII.<\/p>\n<p>&nbsp;<\/p>\n<p>Mientras que fueron ratificados como diputados locales de mayor\u00eda relativa los siguientes:<\/p>\n<p>&nbsp;<\/p>\n<div align=\"center\">\n<table width=\"419\" border=\"0\" cellspacing=\"0\" cellpadding=\"0\">\n<tbody>\n<tr>\n<td valign=\"bottom\" nowrap=\"nowrap\" width=\"255\"><b>Candidato<\/b><\/td>\n<td valign=\"bottom\" nowrap=\"nowrap\" width=\"164\">\n<p align=\"center\"><b>Municipio<\/b><\/p>\n<\/td>\n<\/tr>\n<tr>\n<td valign=\"bottom\" nowrap=\"nowrap\" width=\"255\">Lizbeth Paulina Espinoza Sandoval<\/td>\n<td valign=\"bottom\" nowrap=\"nowrap\" width=\"164\">\n<p align=\"center\">Jacona<\/p>\n<\/td>\n<\/tr>\n<tr>\n<td valign=\"bottom\" nowrap=\"nowrap\" width=\"255\">Mar\u00eda Eugenia Rosas Gonz\u00e1lez<\/td>\n<td valign=\"bottom\" nowrap=\"nowrap\" width=\"164\">\n<p align=\"center\">Zacapu<\/p>\n<\/td>\n<\/tr>\n<tr>\n<td valign=\"bottom\" nowrap=\"nowrap\" width=\"255\">Mar\u00eda Magdalena V\u00e1zquez Chagolla<\/td>\n<td valign=\"bottom\" nowrap=\"nowrap\" width=\"164\">\n<p align=\"center\">P\u00e1tzcuaro<\/p>\n<\/td>\n<\/tr>\n<tr>\n<td valign=\"bottom\" nowrap=\"nowrap\" width=\"255\">Emma Olvera Gonz\u00e1lez<\/td>\n<td valign=\"bottom\" nowrap=\"nowrap\" width=\"164\">\n<p align=\"center\">Huetamo<\/p>\n<\/td>\n<\/tr>\n<tr>\n<td valign=\"bottom\" nowrap=\"nowrap\" width=\"255\">Rebeca Contreras Sol\u00f3rzano<\/td>\n<td valign=\"bottom\" nowrap=\"nowrap\" width=\"164\">\n<p align=\"center\">Apatzing\u00e1n<\/p>\n<\/td>\n<\/tr>\n<\/tbody>\n<\/table>\n<\/div>\n<p>&nbsp;<\/p>\n<p>&nbsp;<\/p>\n<p>En tanto para diputaciones federales por mayor\u00eda relativa fueron ratificados:<\/p>\n<div align=\"center\">\n<table width=\"419\" border=\"0\" cellspacing=\"0\" cellpadding=\"0\">\n<tbody>\n<tr>\n<td valign=\"bottom\" nowrap=\"nowrap\" width=\"255\"><b>Candidato<\/b><\/td>\n<td valign=\"bottom\" nowrap=\"nowrap\" width=\"164\"><b>Distrito Local<\/b><\/td>\n<\/tr>\n<tr>\n<td valign=\"bottom\" nowrap=\"nowrap\" width=\"255\">Pioquinto Huato Huato<\/td>\n<td valign=\"bottom\" nowrap=\"nowrap\" width=\"164\">\n<p align=\"center\">L\u00e1zaro C\u00e1rdenas<\/p>\n<\/td>\n<\/tr>\n<tr>\n<td valign=\"bottom\" nowrap=\"nowrap\" width=\"255\">Fernando Alvarado Rangel<\/td>\n<td valign=\"bottom\" nowrap=\"nowrap\" width=\"164\">\n<p align=\"center\">Puru\u00e1ndiro<\/p>\n<\/td>\n<\/tr>\n<tr>\n<td valign=\"bottom\" nowrap=\"nowrap\" width=\"255\">Rub\u00ed Rangel Reyes<\/td>\n<td valign=\"bottom\" nowrap=\"nowrap\" width=\"164\">\n<p align=\"center\">Morelia<\/p>\n<\/td>\n<\/tr>\n<tr>\n<td valign=\"bottom\" nowrap=\"nowrap\" width=\"255\">Ramona S\u00e1nchez Garc\u00eda<\/td>\n<td valign=\"bottom\" nowrap=\"nowrap\" width=\"164\">\n<p align=\"center\">Uruapan<\/p>\n<\/td>\n<\/tr>\n<tr>\n<td valign=\"bottom\" nowrap=\"nowrap\" width=\"255\">Javier Eduardo D\u00e1valos Palafox<\/td>\n<td valign=\"bottom\" nowrap=\"nowrap\" width=\"164\">\n<p align=\"center\">Morelia<\/p>\n<\/td>\n<\/tr>\n<\/tbody>\n<\/table>\n<\/div>\n<p>&nbsp;<\/p>\n<p>&nbsp;<\/p>\n<p>Por \u00faltimo, Ch\u00e1vez Zavala aprovech\u00f3 para expresar su reconocimiento a los cientos de militantes que cuidaron y participaron la jornada como funcionarios, auxiliares electorales y representantes de los diferentes precandidatos, as\u00ed como a los precandidatos que motivaron la participaci\u00f3n de miles de militantes que acudieron a votar libremente para elegir a nuestros candidatos.<\/p>\n<p>&nbsp;<\/p>\n<p>\u201cY de manera muy especial, a nombre del Comit\u00e9 Directivo Estatal doy mi agradecimiento a los casi 11 mil militantes del PAN que con su participaci\u00f3n hicieron posible hacer de nuestra jornada interna una fiesta de la democracia\u201d, concluy\u00f3.<\/p>\n","protected":false},"excerpt":{"rendered":"<p>\u201cpreferimos correr los riesgos de la democracia, confiar en nuestra naturaleza c\u00edvica y jug\u00e1rnosla con los panistas para organizar un arduo proceso electoral a cambio de dotar de una significativa legitimidad a nuestros candidatos, misma que ning\u00fan otro partido puede presumir\u201d.<\/p>\n","protected":false},"author":1,"featured_media":13248,"comment_status":"open","ping_status":"open","sticky":false,"template":"","format":"standard","meta":{"footnotes":""},"categories":[14,13,11],"tags":[],"class_list":["post-13247","post","type-post","status-publish","format-standard","has-post-thumbnail","hentry","category-destacadas","category-pan","category-partidos-politicos"],"_links":{"self":[{"href":"https:\/\/radiowebmx.com\/nota\/wp-json\/wp\/v2\/posts\/13247","targetHints":{"allow":["GET"]}}],"collection":[{"href":"https:\/\/radiowebmx.com\/nota\/wp-json\/wp\/v2\/posts"}],"about":[{"href":"https:\/\/radiowebmx.com\/nota\/wp-json\/wp\/v2\/types\/post"}],"author":[{"embeddable":true,"href":"https:\/\/radiowebmx.com\/nota\/wp-json\/wp\/v2\/users\/1"}],"replies":[{"embeddable":true,"href":"https:\/\/radiowebmx.com\/nota\/wp-json\/wp\/v2\/comments?post=13247"}],"version-history":[{"count":2,"href":"https:\/\/radiowebmx.com\/nota\/wp-json\/wp\/v2\/posts\/13247\/revisions"}],"predecessor-version":[{"id":13250,"href":"https:\/\/radiowebmx.com\/nota\/wp-json\/wp\/v2\/posts\/13247\/revisions\/13250"}],"wp:featuredmedia":[{"embeddable":true,"href":"https:\/\/radiowebmx.com\/nota\/wp-json\/wp\/v2\/media\/13248"}],"wp:attachment":[{"href":"https:\/\/radiowebmx.com\/nota\/wp-json\/wp\/v2\/media?parent=13247"}],"wp:term":[{"taxonomy":"category","embeddable":true,"href":"https:\/\/radiowebmx.com\/nota\/wp-json\/wp\/v2\/categories?post=13247"},{"taxonomy":"post_tag","embeddable":true,"href":"https:\/\/radiowebmx.com\/nota\/wp-json\/wp\/v2\/tags?post=13247"}],"curies":[{"name":"wp","href":"https:\/\/api.w.org\/{rel}","templated":true}]}}