{"id":13245,"date":"2015-02-09T10:50:23","date_gmt":"2015-02-09T16:50:23","guid":{"rendered":"https:\/\/radiowebmx.com\/nota\/?p=13245"},"modified":"2015-02-09T10:50:23","modified_gmt":"2015-02-09T16:50:23","slug":"luisa-maria-calderon-virtual-candidata-del-pan-al-gobierno-de-michoacan","status":"publish","type":"post","link":"https:\/\/radiowebmx.com\/nota\/luisa-maria-calderon-virtual-candidata-del-pan-al-gobierno-de-michoacan\/","title":{"rendered":"Luisa Mar\u00eda Calder\u00f3n virtual candidata del PAN al gobierno de Michoac\u00e1n"},"content":{"rendered":"<p><span style=\"color: #000000;\">Al ser respaldada como la candidata del Partido Acci\u00f3n Nacional al gobierno de Michoac\u00e1n, Luisa Mar\u00eda Calder\u00f3n, dijo sentirse satisfecha con \u201cel ejercicio democr\u00e1tico, formal, con una amplia participaci\u00f3n de los panistas\u201d y que sin duda legitima su candidatura.<\/span><\/p>\n<p><span style=\"color: #000000;\">A decir de Calder\u00f3n Hinojosa el entusiasmo de los panistas en esta jornada fue mayor y se cumpli\u00f3 a cabalidad la formalidad que la deja como una candidata fortalecida y de verdadera unidad.<\/span><\/p>\n<p><span style=\"color: #000000;\">Al tiempo que hoy se erige como la propuesta por la que el PAN apost\u00f3, la senadora dijo sentirse con bases s\u00f3lidas para salir al pr\u00f3ximo proceso, pues desde hace dos a\u00f1os las encuestas la mantienen a la cabeza.<\/span><\/p>\n<p><span style=\"color: #000000;\">En Michoac\u00e1n se siente un contraste de urgencias y desilusi\u00f3n, por ello dijo que el reto que tendr\u00e1n todos los candidatos ser\u00e1 vencer la apat\u00eda ciudadana y afirm\u00f3 que en su equipo \u201cser\u00e1n\u00a0\u00a0muy escuchas, porque se debe poner en los zapatos de los dem\u00e1s y a partir de ah\u00ed construir muy honestamente lo que viene adelante\u201d<\/span><\/p>\n<p><span style=\"color: #000000;\">Sin embargo record\u00f3 que los michoacanos tendr\u00e1n \u201cmuy claras cosas para analizar, las historias de los partidos pol\u00edticos, los resultados del ejercicio del poder de los partidos, los \u00faltimos 15 a\u00f1os Michoac\u00e1n ha ido en picada, y acudir a la memoria de los ciudadanos es la ruta para caminar\u201d<\/span><\/p>\n<p><span style=\"color: #000000;\">En este punto en el que se consagra su candidatura, Luisa Mar\u00eda Calder\u00f3n se siente satisfecha de la primera etapa, pues recorri\u00f3 el estado independientemente de la zona fr\u00eda o caliente, caminando tranquilamente y con el apoyo de muchas voces, quienes demostraron el talento y las ganas de trabajar por nuestro estado.<\/span><\/p>\n","protected":false},"excerpt":{"rendered":"<p>Al ser respaldada como la candidata del Partido Acci\u00f3n Nacional al gobierno de Michoac\u00e1n, Luisa Mar\u00eda Calder\u00f3n, dijo sentirse satisfecha con \u201cel ejercicio democr\u00e1tico, formal, con una amplia participaci\u00f3n de los panistas\u201d y que sin duda legitima su candidatura.<\/p>\n","protected":false},"author":1,"featured_media":0,"comment_status":"open","ping_status":"open","sticky":false,"template":"","format":"standard","meta":{"footnotes":""},"categories":[13,11],"tags":[],"class_list":["post-13245","post","type-post","status-publish","format-standard","hentry","category-pan","category-partidos-politicos"],"_links":{"self":[{"href":"https:\/\/radiowebmx.com\/nota\/wp-json\/wp\/v2\/posts\/13245","targetHints":{"allow":["GET"]}}],"collection":[{"href":"https:\/\/radiowebmx.com\/nota\/wp-json\/wp\/v2\/posts"}],"about":[{"href":"https:\/\/radiowebmx.com\/nota\/wp-json\/wp\/v2\/types\/post"}],"author":[{"embeddable":true,"href":"https:\/\/radiowebmx.com\/nota\/wp-json\/wp\/v2\/users\/1"}],"replies":[{"embeddable":true,"href":"https:\/\/radiowebmx.com\/nota\/wp-json\/wp\/v2\/comments?post=13245"}],"version-history":[{"count":1,"href":"https:\/\/radiowebmx.com\/nota\/wp-json\/wp\/v2\/posts\/13245\/revisions"}],"predecessor-version":[{"id":13246,"href":"https:\/\/radiowebmx.com\/nota\/wp-json\/wp\/v2\/posts\/13245\/revisions\/13246"}],"wp:attachment":[{"href":"https:\/\/radiowebmx.com\/nota\/wp-json\/wp\/v2\/media?parent=13245"}],"wp:term":[{"taxonomy":"category","embeddable":true,"href":"https:\/\/radiowebmx.com\/nota\/wp-json\/wp\/v2\/categories?post=13245"},{"taxonomy":"post_tag","embeddable":true,"href":"https:\/\/radiowebmx.com\/nota\/wp-json\/wp\/v2\/tags?post=13245"}],"curies":[{"name":"wp","href":"https:\/\/api.w.org\/{rel}","templated":true}]}}