{"id":1323,"date":"2013-02-14T13:21:40","date_gmt":"2013-02-14T19:21:40","guid":{"rendered":"https:\/\/radiowebmx.com\/nota\/?p=1323"},"modified":"2013-02-14T13:21:40","modified_gmt":"2013-02-14T19:21:40","slug":"hermanamiento-de-morelia-con-acapulco","status":"publish","type":"post","link":"https:\/\/radiowebmx.com\/nota\/hermanamiento-de-morelia-con-acapulco\/","title":{"rendered":"HERMANAMIENTO DE  MORELIA CON ACAPULCO"},"content":{"rendered":"<p>Con la convicci\u00f3n y voluntad de trabajar para fortalecer las relaciones entre ambos municipios y para estrechar la identidad y los v\u00ednculos de amistad, este mi\u00e9rcoles en sesi\u00f3n Solemne del Cabildo del Municipio de Acapulco, se celebr\u00f3 el hermanamiento entre esta localidad costera y el municipio de Morelia. Todo en el marco de la conmemoraci\u00f3n del 120 aniversario luctuoso de Ignacio Manuel Altamirano.<\/p>\n<p>&nbsp;<\/p>\n<p>En la significativa ceremonia, estuvieron presentes, los S\u00edndicos Municipales,<\/p>\n<p>Armando Rogelio Tapia Moreno, Napole\u00f3n Astudillo Mart\u00ednez y Salvador Abud Mirabent; la Secretaria General, Magdalena Camacho D\u00edaz; Regidoras y Regidores de ambos Ayuntamientos y el Rector de Universidad Aut\u00f3noma de Guerrero as\u00ed como servidores p\u00fablicos federales, estatales y municipales.<\/p>\n<p>&nbsp;<\/p>\n<p>Con este marco, el presidente municipal de Morelia, Wilfrido L\u00e1zaro Medina en su participaci\u00f3n, refiri\u00f3 que el objetivo de este compromiso, no s\u00f3lo es buscar el intercambio comercial y de inversi\u00f3n, sino todo un impulso integral para el desarrollo social y econ\u00f3mico conjunto, la cooperaci\u00f3n tur\u00edstica y el intercambio cultural, \u201cestoy convencido que se fortalecen los v\u00ednculos entre nuestros municipios y se sientan las bases de una nueva y m\u00e1s estrecha relaci\u00f3n\u201d dijo.<\/p>\n<p>&nbsp;<\/p>\n<p>Expuso que a partir de signar el hermanamiento entra ambos ayuntamientos el paso siguiente deber\u00e1 ser\u00e1 ser, fijar\u00a0 una agenda de trabajo para el intercambio de experiencias exitosas en los muchos y diversos \u00e1mbitos de competencia municipalista, para que m\u00e1s all\u00e1 del ya muy relevante significado simb\u00f3lico del presente hermanamiento, se defina un plan de trabajo en temas como simplificaci\u00f3n administrativa, manejo de residuos, inclusi\u00f3n laboral con perspectiva de g\u00e9nero, infraestructura urbana para personas con discapacidad o de la tercer edad, protecci\u00f3n civil, juventud, deporte y vialidades entre otros temas de inter\u00e9s compartido en los que mutuamente\u00a0 se podr\u00e1n\u00a0 fortalecer acciones en beneficio de la ciudadan\u00eda.<\/p>\n<p>&nbsp;<\/p>\n<p>&nbsp;<\/p>\n<p>&nbsp;<\/p>\n<p>&nbsp;<\/p>\n<p>&nbsp;<\/p>\n<p>&nbsp;<\/p>\n<p>&nbsp;<\/p>\n<p>&nbsp;<\/p>\n<p>&nbsp;<\/p>\n<p>&nbsp;<\/p>\n<p>Acompa\u00f1ado por el Cabildo de Morelia, el S\u00edndico municipal Salvador Abud Mirabent y los Regidores Sarah\u00ed Cort\u00e9s, Patricia Medina, Marbella Romero, Alejandra S\u00e1nchez, Leticia Farf\u00e1n, Fernando Contreras, Cuauhtli Yared G\u00fazman y Alejandro Villafuerte, as\u00ed como el secretario de Turismo Enrique Rivera Ru\u00edz, el representante de los morelianos puntualiz\u00f3 que de ambas regiones han nacido personales que cambiaron el rumbo de la naci\u00f3n y asegur\u00f3 que continuar\u00e1n surgiendo mujeres y hombres, que con su virtud har\u00e1n no s\u00f3lo de Acapulco y Morelia regiones pr\u00f3speras, sino de todo M\u00e9xico, un pa\u00eds que considero esta guiado por el humanismo, la equidad y la justicia.<\/p>\n<p>&nbsp;<\/p>\n<p>En este contexto y al referirse al Jefe de la Comuna de Acapulco, Luis Walton Aburto, el edil moreliano estableci\u00f3 que,\u00a0 \u201choy como ayer, nos hermana la lucha por la libertad de la naci\u00f3n mexicana. Nos hermana desde entonces el valor, la determinaci\u00f3n, el coraje, los anhelos y la estrategia de nuestros h\u00e9roes para no dejarse vencer y dar pasos s\u00f3lidos hacia la concreci\u00f3n del nuevo estado mexicano\u201d.<\/p>\n<p>&nbsp;<\/p>\n<p>Felicit\u00f3 a todos quienes impulsaron este hermanamiento, para consolidar, un desarrollo regional, integral y con perspectiva social y tras signar el acta de hermanamiento con el Municipio de Acapulco, hizo una referencia al que consider\u00f3 el acontecimiento m\u00e1s importante de la historia nacional que fue el sucedido el 13 de septiembre de 1813, cuando en el Congreso de An\u00e1huac en Chilpancingo, fue dado a conocer por Jos\u00e9 Mar\u00eda Morelos y Pav\u00f3n el documento bautizado bajo el elocuente titulo de \u201cSentimientos de la Naci\u00f3n\u201d, primer antecedente de la Constituci\u00f3n Pol\u00edtica de los Estados Unidos Mexicanos.<\/p>\n<p>&nbsp;<\/p>\n<p>Finalmente, resalt\u00f3 a Morelia como Cuna Ideol\u00f3gica de la Independencia y Capital de Michoac\u00e1n \u201cJard\u00edn de la Nueva Espa\u00f1a\u201d, combina la herencia de su patrimonio hist\u00f3rico y su vitalidad productiva y cultural, con las necesidades de una urbe contempor\u00e1nea en constante crecimiento.<\/p>\n<p>&nbsp;<\/p>\n<p>En tanto Acapulco \u201cReina de la Rivera Mexicana\u201d combina la modernidad del destino tur\u00edstico, con la herencia hist\u00f3rica, la tradici\u00f3n y las costumbres de su valiente pueblo y el esp\u00edritu emprendedor de sus mujeres y hombres de trabajo provenientes de la cultura del esfuerzo, refiri\u00f3 L\u00e1zaro Medina.<\/p>\n","protected":false},"excerpt":{"rendered":"<p>Con la convicci\u00f3n y voluntad de trabajar para fortalecer las relaciones entre ambos municipios y para estrechar la identidad y los v\u00ednculos de amistad, este mi\u00e9rcoles en sesi\u00f3n Solemne del Cabildo del Municipio de Acapulco, se celebr\u00f3 el hermanamiento entre esta localidad costera y el municipio de Morelia. Todo en el marco de la conmemoraci\u00f3n [&hellip;]<\/p>\n","protected":false},"author":1,"featured_media":0,"comment_status":"open","ping_status":"open","sticky":false,"template":"","format":"standard","meta":{"footnotes":""},"categories":[9],"tags":[],"class_list":["post-1323","post","type-post","status-publish","format-standard","hentry","category-morelia"],"_links":{"self":[{"href":"https:\/\/radiowebmx.com\/nota\/wp-json\/wp\/v2\/posts\/1323","targetHints":{"allow":["GET"]}}],"collection":[{"href":"https:\/\/radiowebmx.com\/nota\/wp-json\/wp\/v2\/posts"}],"about":[{"href":"https:\/\/radiowebmx.com\/nota\/wp-json\/wp\/v2\/types\/post"}],"author":[{"embeddable":true,"href":"https:\/\/radiowebmx.com\/nota\/wp-json\/wp\/v2\/users\/1"}],"replies":[{"embeddable":true,"href":"https:\/\/radiowebmx.com\/nota\/wp-json\/wp\/v2\/comments?post=1323"}],"version-history":[{"count":2,"href":"https:\/\/radiowebmx.com\/nota\/wp-json\/wp\/v2\/posts\/1323\/revisions"}],"predecessor-version":[{"id":1325,"href":"https:\/\/radiowebmx.com\/nota\/wp-json\/wp\/v2\/posts\/1323\/revisions\/1325"}],"wp:attachment":[{"href":"https:\/\/radiowebmx.com\/nota\/wp-json\/wp\/v2\/media?parent=1323"}],"wp:term":[{"taxonomy":"category","embeddable":true,"href":"https:\/\/radiowebmx.com\/nota\/wp-json\/wp\/v2\/categories?post=1323"},{"taxonomy":"post_tag","embeddable":true,"href":"https:\/\/radiowebmx.com\/nota\/wp-json\/wp\/v2\/tags?post=1323"}],"curies":[{"name":"wp","href":"https:\/\/api.w.org\/{rel}","templated":true}]}}