{"id":13227,"date":"2015-02-06T12:17:27","date_gmt":"2015-02-06T18:17:27","guid":{"rendered":"https:\/\/radiowebmx.com\/nota\/?p=13227"},"modified":"2015-02-06T12:17:27","modified_gmt":"2015-02-06T18:17:27","slug":"chon-orihuela-sera-el-candidato-de-la-experiencia-delegados","status":"publish","type":"post","link":"https:\/\/radiowebmx.com\/nota\/chon-orihuela-sera-el-candidato-de-la-experiencia-delegados\/","title":{"rendered":"CHON ORIHUELA SER\u00c1 EL CANDIDATO DE LA EXPERIENCIA: DELEGADOS"},"content":{"rendered":"<p>Delegados del Partido Revolucionario Institucional (PRI) del distrito electoral de Tac\u00e1mbaro reconocieron que Chon Orihuela ser\u00e1 el candidato al gobierno del Estado con la experiencia para llegar a trabajar a favor del desarrollo estatal y podr\u00e1 solucionar los problemas que aquejan a Michoac\u00e1n.<\/p>\n<p>&nbsp;<\/p>\n<p>En su visita al distrito 19 con cabecera en Tac\u00e1mbaro, Jos\u00e9 Ascenci\u00f3n Orihuela B\u00e1rcenas agradeci\u00f3 las muestras de apoyo, al tiempo de invitar a los delegados a la convenci\u00f3n que se llevar\u00e1 a cabo el pr\u00f3ximo domingo ocho de febrero en Morelia y donde ser\u00e1 ratificado como candidato del PRI al Solio de Ocampo.<\/p>\n<p>&nbsp;<\/p>\n<p>Los delegados reconocieron en Chon Orihuela a quien habr\u00e1 de contender luego de llegar de una elecci\u00f3n ganadora, pues recordaron que los otros que se mencionan fueron derrotados en contiendas pasadas.<\/p>\n<p>&nbsp;<\/p>\n<p>Por lo mismo, coincidieron j\u00f3venes, mujeres y hombres delegados del PRI, todos cerrar\u00e1n filas en torno a Orihuela B\u00e1rcenas y mantendr\u00e1n la unidad en todo el estado.<\/p>\n<p>&nbsp;<\/p>\n<p>Acompa\u00f1ado por su esposa Carmelita Estefan de Orihuela, as\u00ed como de la precandidata a diputada federal, Samantha Flores Adame, el precandidato al gobierno de Michoac\u00e1n, Chon Orihuela se\u00f1al\u00f3 en uno de los pueblos m\u00e1gicos del estado, que es fundamental mantener la unidad en el PRI porque eso es lo que les permite ir a procesos ganadores y trabajar por toda la poblaci\u00f3n.<\/p>\n<p>&nbsp;<\/p>\n<p>Incluso record\u00f3 la \u00e9poca en que Michoac\u00e1n gozaba de mejores condiciones de vida y lament\u00f3 que eso haya cambiado al llegar los gobiernos federal panista de Felipe Cader\u00f3n Hinojosa y estatal perredista de Leonel Godoy Rangel.<\/p>\n<p>&nbsp;<\/p>\n<p>Los problemas personales entre ellos, agreg\u00f3 Chon Orihuela, llevaron a nuestra entidad a una terrible crisis financiera, bajos niveles educativos y se increment\u00f3 la inseguridad.<\/p>\n<p>&nbsp;<\/p>\n<p>Por lo anterior, ratific\u00f3, el PRI debe mantenerse unido para trabajar a favor de los michoacanos y del desarrollo de la entidad. As\u00ed que aprovech\u00f3 para reconocer que los principales impulsores de ese ejercicio fueron V\u00edctor Silva Tejeda, Wilfrido L\u00e1zaro Medina, Alfredo Anaya Gudi\u00f1o y Jaime Dar\u00edo Oseguera M\u00e9ndez.<\/p>\n<p>&nbsp;<\/p>\n<p>Finalmente, Chon Orihuela adelant\u00f3 que antes de cerrar el periodo de precampa\u00f1a estipulado por la ley visitar\u00e1 los distritos de L\u00e1zaro C\u00e1rdenas y cerrar\u00e1 en su tierra Zit\u00e1cuaro.<\/p>\n","protected":false},"excerpt":{"rendered":"<p>Delegados del Partido Revolucionario Institucional (PRI) del distrito electoral de Tac\u00e1mbaro reconocieron que Chon Orihuela ser\u00e1 el candidato al gobierno del Estado con la experiencia para llegar a trabajar a favor del desarrollo estatal y podr\u00e1 solucionar los problemas que aquejan a Michoac\u00e1n.<\/p>\n","protected":false},"author":1,"featured_media":13228,"comment_status":"open","ping_status":"open","sticky":false,"template":"","format":"standard","meta":{"footnotes":""},"categories":[14,11,12],"tags":[],"class_list":["post-13227","post","type-post","status-publish","format-standard","has-post-thumbnail","hentry","category-destacadas","category-partidos-politicos","category-pri"],"_links":{"self":[{"href":"https:\/\/radiowebmx.com\/nota\/wp-json\/wp\/v2\/posts\/13227","targetHints":{"allow":["GET"]}}],"collection":[{"href":"https:\/\/radiowebmx.com\/nota\/wp-json\/wp\/v2\/posts"}],"about":[{"href":"https:\/\/radiowebmx.com\/nota\/wp-json\/wp\/v2\/types\/post"}],"author":[{"embeddable":true,"href":"https:\/\/radiowebmx.com\/nota\/wp-json\/wp\/v2\/users\/1"}],"replies":[{"embeddable":true,"href":"https:\/\/radiowebmx.com\/nota\/wp-json\/wp\/v2\/comments?post=13227"}],"version-history":[{"count":1,"href":"https:\/\/radiowebmx.com\/nota\/wp-json\/wp\/v2\/posts\/13227\/revisions"}],"predecessor-version":[{"id":13229,"href":"https:\/\/radiowebmx.com\/nota\/wp-json\/wp\/v2\/posts\/13227\/revisions\/13229"}],"wp:featuredmedia":[{"embeddable":true,"href":"https:\/\/radiowebmx.com\/nota\/wp-json\/wp\/v2\/media\/13228"}],"wp:attachment":[{"href":"https:\/\/radiowebmx.com\/nota\/wp-json\/wp\/v2\/media?parent=13227"}],"wp:term":[{"taxonomy":"category","embeddable":true,"href":"https:\/\/radiowebmx.com\/nota\/wp-json\/wp\/v2\/categories?post=13227"},{"taxonomy":"post_tag","embeddable":true,"href":"https:\/\/radiowebmx.com\/nota\/wp-json\/wp\/v2\/tags?post=13227"}],"curies":[{"name":"wp","href":"https:\/\/api.w.org\/{rel}","templated":true}]}}