{"id":13215,"date":"2015-02-06T11:44:55","date_gmt":"2015-02-06T17:44:55","guid":{"rendered":"https:\/\/radiowebmx.com\/nota\/?p=13215"},"modified":"2015-02-06T11:44:55","modified_gmt":"2015-02-06T17:44:55","slug":"los-delegdos-de-zamora-con-chon-orihuela-es-la-mejor-opcion","status":"publish","type":"post","link":"https:\/\/radiowebmx.com\/nota\/los-delegdos-de-zamora-con-chon-orihuela-es-la-mejor-opcion\/","title":{"rendered":"LOS DELEGDOS DE ZAMORA CON CHON ORIHUELA; ES LA MEJOR OPCI\u00d3N"},"content":{"rendered":"<p>Cientos de delegados distritales de Zamora coincidieron en que Chon Orihuela es la mejor opci\u00f3n para gobernar Michoac\u00e1n; es la opci\u00f3n para llegar a solucionar la problem\u00e1tica estatal, ya que no llegar\u00eda a improvisar sino a trabajar.<\/p>\n<p>&nbsp;<\/p>\n<p>En una reuni\u00f3n con quienes el ocho de febrero habr\u00e1n de acudir a ratificar a Jos\u00e9 Ascenci\u00f3n Orihuela B\u00e1rcenas como candidato del Partido Revolucionario Institucional al gobierno del estado, le reconocieron que es el \u00fanico que viene de ganar una elecci\u00f3n, ya que los otros dos que se han mencionado, han resultado vencidos en procesos pr\u00f3ximos pasados.<\/p>\n<p>&nbsp;<\/p>\n<p>Delegados que hicieron uso de la palabra, recordaron que en la pasada elecci\u00f3n, el PRI en una formula encabezada por Chon Orihuela, logr\u00f3 un margen importante de ventaja que lo llev\u00f3 a ocupar un esca\u00f1o en el Senado de la Rep\u00fablica y fue parte fundamental en las reformas estructurales que ya dan muestras de beneficios importantes para todos los mexicanos.<\/p>\n<p>&nbsp;<\/p>\n<p>Aunado a lo anterior, hubo coincidencia en reconocerle que desde ahora ha demostrado el apoyo que el pri\u00edsta ha dado a los j\u00f3venes ya que gran parte de su equipo est\u00e1 integrado por este sector, adem\u00e1s de las mujeres que lo acompa\u00f1an en la precampa\u00f1a.<\/p>\n<p>&nbsp;<\/p>\n<p>Por lo anterior, Chon Orihuela agradeci\u00f3 las muestras de apoyo a los delegados, al tiempo de invitarlos el pr\u00f3ximo domingo a acudir a Morelia para la convenci\u00f3n de delegados, en la que ser\u00e1 ratificado como candidato de unidad del PRI al Solio de Ocampo.<\/p>\n<p>&nbsp;<\/p>\n<p>Posteriormente, expres\u00f3, todos los pri\u00edstas del estado ser\u00e1n muy importantes en la campa\u00f1a proselitista, as\u00ed que lo mejor ser\u00e1 prepararse y de esa manera trabajar de acuerdo con los tiempos estipulados por las leyes y celebr\u00f3 que habr\u00e1 candidatos de todas las expresiones, lo que fortalece al PRI.<\/p>\n<p>&nbsp;<\/p>\n<p>De esa manera, abund\u00f3 el senador con licencia, se podr\u00e1 continuar en el trabajo a favor del desarrollo del estado, evitando que se repitan situaciones dif\u00edciles como los problemas que tuvieron el gobierno federal panista de Felipe Calder\u00f3n y el estatal perredista de Leonel Godoy, mismos que culminaron en deterioro econ\u00f3mico e inseguridad.<\/p>\n<p>&nbsp;<\/p>\n<p>Finalmente, Orihuela B\u00e1rcenas ratific\u00f3 la invitaci\u00f3n a demostrar la fuerza y unidad de los pri\u00edstas el pr\u00f3ximo ocho de febrero en la convenci\u00f3n de delegados.<\/p>\n","protected":false},"excerpt":{"rendered":"<p>Cientos de delegados distritales de Zamora coincidieron en que Chon Orihuela es la mejor opci\u00f3n para gobernar Michoac\u00e1n; es la opci\u00f3n para llegar a solucionar la problem\u00e1tica estatal, ya que no llegar\u00eda a improvisar sino a trabajar.<\/p>\n","protected":false},"author":1,"featured_media":13216,"comment_status":"open","ping_status":"open","sticky":false,"template":"","format":"standard","meta":{"footnotes":""},"categories":[14,11,12],"tags":[],"class_list":["post-13215","post","type-post","status-publish","format-standard","has-post-thumbnail","hentry","category-destacadas","category-partidos-politicos","category-pri"],"_links":{"self":[{"href":"https:\/\/radiowebmx.com\/nota\/wp-json\/wp\/v2\/posts\/13215","targetHints":{"allow":["GET"]}}],"collection":[{"href":"https:\/\/radiowebmx.com\/nota\/wp-json\/wp\/v2\/posts"}],"about":[{"href":"https:\/\/radiowebmx.com\/nota\/wp-json\/wp\/v2\/types\/post"}],"author":[{"embeddable":true,"href":"https:\/\/radiowebmx.com\/nota\/wp-json\/wp\/v2\/users\/1"}],"replies":[{"embeddable":true,"href":"https:\/\/radiowebmx.com\/nota\/wp-json\/wp\/v2\/comments?post=13215"}],"version-history":[{"count":1,"href":"https:\/\/radiowebmx.com\/nota\/wp-json\/wp\/v2\/posts\/13215\/revisions"}],"predecessor-version":[{"id":13217,"href":"https:\/\/radiowebmx.com\/nota\/wp-json\/wp\/v2\/posts\/13215\/revisions\/13217"}],"wp:featuredmedia":[{"embeddable":true,"href":"https:\/\/radiowebmx.com\/nota\/wp-json\/wp\/v2\/media\/13216"}],"wp:attachment":[{"href":"https:\/\/radiowebmx.com\/nota\/wp-json\/wp\/v2\/media?parent=13215"}],"wp:term":[{"taxonomy":"category","embeddable":true,"href":"https:\/\/radiowebmx.com\/nota\/wp-json\/wp\/v2\/categories?post=13215"},{"taxonomy":"post_tag","embeddable":true,"href":"https:\/\/radiowebmx.com\/nota\/wp-json\/wp\/v2\/tags?post=13215"}],"curies":[{"name":"wp","href":"https:\/\/api.w.org\/{rel}","templated":true}]}}