{"id":13207,"date":"2015-02-05T14:19:38","date_gmt":"2015-02-05T20:19:38","guid":{"rendered":"https:\/\/radiowebmx.com\/nota\/?p=13207"},"modified":"2015-02-05T14:19:38","modified_gmt":"2015-02-05T20:19:38","slug":"celebran-98-aniversario-de-la-constitucion","status":"publish","type":"post","link":"https:\/\/radiowebmx.com\/nota\/celebran-98-aniversario-de-la-constitucion\/","title":{"rendered":"CELEBRAN 98 ANIVERSARIO DE LA CONSTITUCI\u00d3N"},"content":{"rendered":"<p>El presidente municipal, Wilfrido L\u00e1zaro Medina, encabez\u00f3 la ceremonia c\u00edvica conmemorativa con motivo del aniversario n\u00famero 98 de la Promulgaci\u00f3n de la Constituci\u00f3n Pol\u00edtica de 1857 y la de 1917, que se realiz\u00f3 esta ma\u00f1ana en Palacio Municipal donde se dieron cita funcionarios federales, estatales y municipales.<\/p>\n<p>&nbsp;<\/p>\n<p>Al acto c\u00edvico asistieron Sarbelio Augusto Molina V\u00e9lez, Presidente de la Mesa Directiva del H. Congreso del Estado de Michoac\u00e1n; Jos\u00e9 Francisco Florentino Morales C\u00e1zares, General de Brigada Diplomado del Estado Mayor; Jaime Esparza Cortina, en representaci\u00f3n de Salvador Jara Guerrero, Gobernador del estado; Armando Sep\u00falveda L\u00f3pez, secretario de Educaci\u00f3n de Michoac\u00e1n; H\u00e9ctor P\u00e9rez Pintor, secretario auxiliar de la UMSNH, as\u00ed como alumnos de la Escuela Primaria \u201cConstituci\u00f3n de 1814\u201d, representados por la distinguida estudiante Paola Morelia Garc\u00eda Villa.<\/p>\n<p>&nbsp;<\/p>\n<p>Sarbelio Augusto Molina V\u00e9lez, orador oficial de la ceremonia, destac\u00f3 la importancia de la Constituci\u00f3n como soporte formal para el Estado de Derecho Mexicano, \u201centendido \u00e9ste como una figura din\u00e1mica, evolutiva, cambiante y compleja, que se encuentra en constante movimiento y, que tiene que reflejarse en la situaci\u00f3n real de los gobernados, en el buen funcionamiento de la administraci\u00f3n p\u00fablica y, principalmente, en el respeto real de las garant\u00edas de derechos y libertades fundamentales\u201d, explic\u00f3.<\/p>\n<p>&nbsp;<\/p>\n<p>Manifest\u00f3 la supremac\u00eda de una Constituci\u00f3n ya que \u00e9sta para una naci\u00f3n es\u00a0 \u201clo m\u00e1s alto, lo m\u00e1s valioso, pues sobre ellas no existe nada m\u00e1s, son formalmente superiores. Una Constituci\u00f3n, por definici\u00f3n, es un conjunto de reglas que establecen un sistema de normas\u201d, expres\u00f3.<\/p>\n<p>&nbsp;<\/p>\n<p>Refiri\u00f3 que la Constituci\u00f3n de 1917 es la evoluci\u00f3n jur\u00eddica, pol\u00edtica y social de M\u00e9xico, que incluye los postulados de la Constituci\u00f3n de Apatzing\u00e1n, de la primera ley fundamental del pa\u00eds independiente y de la promulgada a mediados del siglo pasado.<\/p>\n<p>&nbsp;<\/p>\n<p>Destac\u00f3 que en M\u00e9xico la Constituci\u00f3n de 1917\u00a0 proclam\u00f3 en su inicio un modelo liberal-social, sin embargo, \u201cmientras no todos los mexicanos tengan oportunidades de empleo, educaci\u00f3n, alimentaci\u00f3n, seguridad, entre otras muchas necesidades b\u00e1sicas, s\u00f3lo podemos considerar que existe el Estado democr\u00e1tico y social de derecho formalmente, y no as\u00ed, debidamente material y eficaz para todos\u201d.<\/p>\n<p>&nbsp;<\/p>\n<p>Durante su discurso, dijo que \u201csi los ciudadanos deseamos que en nuestro pa\u00eds y estado la armon\u00eda, la tranquilidad, la seguridad y la paz sean un logro permanente, debemos cumplir y hacer que se cumplan tanto la Constituci\u00f3n Pol\u00edtica de los Estados Unidos Mexicanos, como las leyes, por ser las que, en definitiva, salvaguardan las conquistas\u201d.<\/p>\n<p>&nbsp;<\/p>\n<p>&nbsp;<\/p>\n<p>Con motivo de la conmemoraci\u00f3n de la Constituci\u00f3n se efectu\u00f3, a las 8:00 horas, en la plaza Melchor Ocampo del Centro hist\u00f3rico, el izamiento de la Bandera Nacional, acto que estuvo presidido por el secretario de Servicios P\u00fablicos del gobierno municipal, Iv\u00e1n Mois\u00e9s Rodr\u00edguez Medina y el director de la Fuerza Ciudadana de Morelia, comisario Jes\u00fas S\u00e1nchez Noriega.<\/p>\n","protected":false},"excerpt":{"rendered":"<p>El presidente municipal, Wilfrido L\u00e1zaro Medina, encabez\u00f3 la ceremonia c\u00edvica conmemorativa con motivo del aniversario n\u00famero 98 de la Promulgaci\u00f3n de la Constituci\u00f3n Pol\u00edtica de 1857 y la de 1917, que se realiz\u00f3 esta ma\u00f1ana en Palacio Municipal donde se dieron cita funcionarios federales, estatales y municipales.<\/p>\n","protected":false},"author":1,"featured_media":13208,"comment_status":"open","ping_status":"open","sticky":false,"template":"","format":"standard","meta":{"footnotes":""},"categories":[14,9],"tags":[],"class_list":["post-13207","post","type-post","status-publish","format-standard","has-post-thumbnail","hentry","category-destacadas","category-morelia"],"_links":{"self":[{"href":"https:\/\/radiowebmx.com\/nota\/wp-json\/wp\/v2\/posts\/13207","targetHints":{"allow":["GET"]}}],"collection":[{"href":"https:\/\/radiowebmx.com\/nota\/wp-json\/wp\/v2\/posts"}],"about":[{"href":"https:\/\/radiowebmx.com\/nota\/wp-json\/wp\/v2\/types\/post"}],"author":[{"embeddable":true,"href":"https:\/\/radiowebmx.com\/nota\/wp-json\/wp\/v2\/users\/1"}],"replies":[{"embeddable":true,"href":"https:\/\/radiowebmx.com\/nota\/wp-json\/wp\/v2\/comments?post=13207"}],"version-history":[{"count":1,"href":"https:\/\/radiowebmx.com\/nota\/wp-json\/wp\/v2\/posts\/13207\/revisions"}],"predecessor-version":[{"id":13209,"href":"https:\/\/radiowebmx.com\/nota\/wp-json\/wp\/v2\/posts\/13207\/revisions\/13209"}],"wp:featuredmedia":[{"embeddable":true,"href":"https:\/\/radiowebmx.com\/nota\/wp-json\/wp\/v2\/media\/13208"}],"wp:attachment":[{"href":"https:\/\/radiowebmx.com\/nota\/wp-json\/wp\/v2\/media?parent=13207"}],"wp:term":[{"taxonomy":"category","embeddable":true,"href":"https:\/\/radiowebmx.com\/nota\/wp-json\/wp\/v2\/categories?post=13207"},{"taxonomy":"post_tag","embeddable":true,"href":"https:\/\/radiowebmx.com\/nota\/wp-json\/wp\/v2\/tags?post=13207"}],"curies":[{"name":"wp","href":"https:\/\/api.w.org\/{rel}","templated":true}]}}