{"id":13205,"date":"2015-02-05T14:17:46","date_gmt":"2015-02-05T20:17:46","guid":{"rendered":"https:\/\/radiowebmx.com\/nota\/?p=13205"},"modified":"2015-02-05T14:17:46","modified_gmt":"2015-02-05T20:17:46","slug":"secretaria-de-educacion-presenta-denuncia-penal-por-danos-causados-por-trabajadores-en-sus-oficinas-centrales","status":"publish","type":"post","link":"https:\/\/radiowebmx.com\/nota\/secretaria-de-educacion-presenta-denuncia-penal-por-danos-causados-por-trabajadores-en-sus-oficinas-centrales\/","title":{"rendered":"SECRETAR\u00cdA DE EDUCACI\u00d3N PRESENTA DENUNCIA PENAL POR DA\u00d1OS CAUSADOS POR TRABAJADORES EN SUS OFICINAS CENTRALES"},"content":{"rendered":"<p>La Secretar\u00eda de Educaci\u00f3n en el Estado present\u00f3 una denuncia de hechos contra quien o quienes resulten responsables por los da\u00f1os causados en las oficinas de la Delegaci\u00f3n Administrativa, tras la irrupci\u00f3n violenta de un grupo de trabajadores de la dependencia.<\/p>\n<p>Es imprescindible se\u00f1alar que las diversas autoridades de la Secretar\u00eda de Educaci\u00f3n en el Estado, se han mantenido abiertas al di\u00e1logo con los diversos actores del proceso educativo y sectores del magisterio, a trav\u00e9s de un trabajo caracterizado por el respeto y la transparencia. En este sentido, la dependencia demanda que los trabajadores de la educaci\u00f3n sean consecuentes y respeten los cauces institucionales para dar seguimiento a sus demandas.<\/p>\n<p>Por lo anterior, de ninguna manera pueden ser justificadas las acciones que este mi\u00e9rcoles llevaron a cabo alrededor de 100 trabajadores de la SEE que causaron da\u00f1os materiales en la Delegaci\u00f3n Administrativa, como medida para exigir que esta instancia les libere con prontitud diversos tr\u00e1mites.<\/p>\n<p>En la Secretar\u00eda de Educaci\u00f3n se reprueba toda manifestaci\u00f3n de violencia que ponga en riesgo la integridad f\u00edsica de quienes laboran en la dependencia y se les recuerda a quienes tienen tr\u00e1mites pendientes, que existen procesos permanentes de atenci\u00f3n y canales oficiales para dar salida a sus solicitudes.<\/p>\n<p>El \u00e1rea jur\u00eddica de la SEE present\u00f3 ante la Procuradur\u00eda General de Justicia del Estado (PGJE), una denuncia de hechos contra quienes resulten responsables de la irrupci\u00f3n violenta en la Delegaci\u00f3n Administrativa y por los da\u00f1os materiales causados en las instalaciones.<\/p>\n","protected":false},"excerpt":{"rendered":"<p>La Secretar\u00eda de Educaci\u00f3n en el Estado present\u00f3 una denuncia de hechos contra quien o quienes resulten responsables por los da\u00f1os causados en las oficinas de la Delegaci\u00f3n Administrativa, tras la irrupci\u00f3n violenta de un grupo de trabajadores de la dependencia.<\/p>\n","protected":false},"author":1,"featured_media":0,"comment_status":"open","ping_status":"open","sticky":false,"template":"","format":"standard","meta":{"footnotes":""},"categories":[3],"tags":[],"class_list":["post-13205","post","type-post","status-publish","format-standard","hentry","category-gobierno-del-estado-de-michoacan"],"_links":{"self":[{"href":"https:\/\/radiowebmx.com\/nota\/wp-json\/wp\/v2\/posts\/13205","targetHints":{"allow":["GET"]}}],"collection":[{"href":"https:\/\/radiowebmx.com\/nota\/wp-json\/wp\/v2\/posts"}],"about":[{"href":"https:\/\/radiowebmx.com\/nota\/wp-json\/wp\/v2\/types\/post"}],"author":[{"embeddable":true,"href":"https:\/\/radiowebmx.com\/nota\/wp-json\/wp\/v2\/users\/1"}],"replies":[{"embeddable":true,"href":"https:\/\/radiowebmx.com\/nota\/wp-json\/wp\/v2\/comments?post=13205"}],"version-history":[{"count":1,"href":"https:\/\/radiowebmx.com\/nota\/wp-json\/wp\/v2\/posts\/13205\/revisions"}],"predecessor-version":[{"id":13206,"href":"https:\/\/radiowebmx.com\/nota\/wp-json\/wp\/v2\/posts\/13205\/revisions\/13206"}],"wp:attachment":[{"href":"https:\/\/radiowebmx.com\/nota\/wp-json\/wp\/v2\/media?parent=13205"}],"wp:term":[{"taxonomy":"category","embeddable":true,"href":"https:\/\/radiowebmx.com\/nota\/wp-json\/wp\/v2\/categories?post=13205"},{"taxonomy":"post_tag","embeddable":true,"href":"https:\/\/radiowebmx.com\/nota\/wp-json\/wp\/v2\/tags?post=13205"}],"curies":[{"name":"wp","href":"https:\/\/api.w.org\/{rel}","templated":true}]}}