{"id":13202,"date":"2015-02-05T14:16:41","date_gmt":"2015-02-05T20:16:41","guid":{"rendered":"https:\/\/radiowebmx.com\/nota\/?p=13202"},"modified":"2015-02-05T14:16:41","modified_gmt":"2015-02-05T20:16:41","slug":"en-senguio-mas-de-3-mil-personas-se-activaron-con-el-programa-ponte-al-100","status":"publish","type":"post","link":"https:\/\/radiowebmx.com\/nota\/en-senguio-mas-de-3-mil-personas-se-activaron-con-el-programa-ponte-al-100\/","title":{"rendered":"EN SENGUIO M\u00c1S DE 3 MIL PERSONAS SE ACTIVARON CON EL PROGRAMA PONTE AL 100"},"content":{"rendered":"<p>Con el prop\u00f3sito de que la sociedad michoacana adopte la pr\u00e1ctica de la activaci\u00f3n f\u00edsica para as\u00ed contribuir con el mejoramiento de su calidad de vida, se present\u00f3 en la cabecera municipal de Senguio, la mega clase de activaci\u00f3n f\u00edsica del programa nacional \u201cPonte al 100\u201d, en la que participaron m\u00e1s de 3 mil ni\u00f1os, j\u00f3venes, adultos y adultos mayores.<\/p>\n<p>Por segundo d\u00eda consecutivo, personal de la Comisi\u00f3n Estatal de Cultura F\u00edsica y Deporte (Cecufid), en coordinaci\u00f3n con la Direcci\u00f3n de Educaci\u00f3n F\u00edsica, Recreaci\u00f3n y Deporte de la Secretar\u00eda de Educaci\u00f3n estatal y el Ayuntamiento de Senguio, se dieron a la tarea de activar a cientos de personas de todas las edades del municipio, quienes disfrutaron y gozaron de la divertida jornada.<\/p>\n<p>La plaza principal de Senguio y varias calles del primer cuadro de la poblaci\u00f3n, sirvieron de escenario para la activaci\u00f3n f\u00edsica que consisti\u00f3 en una caminata de 500 metros, adem\u00e1s de una mega clase musicalizada de activaci\u00f3n f\u00edsica, destac\u00e1ndose la participaci\u00f3n de 29 planteles educativos de los niveles de preescolar, primaria, secundaria y medio superior.<\/p>\n<p>Rams\u00e9s Barajas Mondrag\u00f3n, subdirector de la Cecufid, junto con Mateo Coria Castro, presidente municipal de Senguio, adem\u00e1s de Armando Garc\u00eda Ayala, supervisor de la Direcci\u00f3n de Educaci\u00f3n F\u00edsica, Recreaci\u00f3n y Deporte de la SEE, entre otras autoridades, encabezaron la jornada que fue el tercer evento masivo del a\u00f1o que forma parte de las acciones del programa \u201cPonte al 100\u201d, que busca movilizar a la mayor cantidad de habitantes de Michoac\u00e1n.<\/p>\n<p>Barajas Mondrag\u00f3n en el acto previo al arranque, agradeci\u00f3 el apoyo y el inter\u00e9s del ayuntamiento de Senguio que se suma al esfuerzo que realiza el Gobierno del Estado, v\u00eda Cecufid, para mejorar la calidad de vida de los michoacanos.<\/p>\n<p>\u201cPor instrucciones del gobernador Salvador Jara Guerrero es que estamos llegando con los programas de activaci\u00f3n f\u00edsica a todos municipios del estado, para que todos los michoacanos mejoren su calidad de vida, ya que a trav\u00e9s de una buena educaci\u00f3n en actividades f\u00edsicas, se adopta el h\u00e1bito diario de realizar ejercicio y con una buena nutrici\u00f3n, podemos combatir la obesidad y el sedentarismo y con ello prevenir muchas enfermedades\u201d, asegur\u00f3.<\/p>\n<p>La mega clase de activaci\u00f3n f\u00edsica fue aplicada por la licenciada en educaci\u00f3n f\u00edsica, Miriam Ivette Hern\u00e1ndez B\u00e9jar, quien a trav\u00e9s de diversos ritmos musicales logr\u00f3 ejercitar con \u00e9xito y de forma divertida a los cientos de participantes de todas las edades.<\/p>\n<p>Del nivel preescolar participaron de forma activa los planteles: Agust\u00edn Y\u00e1\u00f1ez, Ernesto Dom\u00ednguez, Silvia Torres, Vicente Valencia, Felipe Rivera, Benito Ju\u00e1rez, Pascual Ortiz Rubio y Melchor Ocampo.<\/p>\n<p>Por su parte las escuelas primarias que participaron en la activaci\u00f3n fueron: 10 de Noviembre, Melchor Ocampo, 10 de Mayo, Francisco J. M\u00fagica, Leona Vicario, Jos\u00e9 Mar\u00eda Morelos, Donaciano Carre\u00f3n, Valent\u00edn G\u00f3mez Far\u00edas, Benito Ju\u00e1rez, 12 de Octubre, Ricardo Flores Mag\u00f3n, Emiliano Zapata, L\u00e1zaro C\u00e1rdenas, Juan Escutia y Teodora Medina.<\/p>\n<p>En el nivel de secundaria se activaron los alumnos de las telesecundarias Jos\u00e9 Mar\u00eda Morelos, Melchor Ocampo y la n\u00famero 176, adem\u00e1s de acudir estudiantes del nivel medio superior del Cecytem 11 de Senguio.<\/p>\n<p>La Cecufid adem\u00e1s como un est\u00edmulo extra por su participaci\u00f3n, hizo entrega de playeras e hidrataci\u00f3n para todos los participantes, todo con el fin de continuar motivando y acrecentando las actividades f\u00edsicas y que sean un complemento de la clase de educaci\u00f3n f\u00edsica que se imparte en cada uno de los planteles educativos.<\/p>\n<p>El presidente municipal de Senguio, Mateo Coria Castro, agradeci\u00f3 el apoyo otorgado por la Cecufid: \u201cGracias por venir hasta nuestro municipio y brindarnos una provechosa jornada para darle la batalla a los graves males que afectan a toda la sociedad y a trav\u00e9s de nuestro regidor de deportes y los profesores de educaci\u00f3n f\u00edsica de las escuelas, vamos a seguir apoyando fuerte estas actividades para contar con m\u00e1s sanos ciudadanos\u201d<\/p>\n","protected":false},"excerpt":{"rendered":"<p>Con el prop\u00f3sito de que la sociedad michoacana adopte la pr\u00e1ctica de la activaci\u00f3n f\u00edsica para as\u00ed contribuir con el mejoramiento de su calidad de vida, se present\u00f3 en la cabecera municipal de Senguio, la mega clase de activaci\u00f3n f\u00edsica del programa nacional \u201cPonte al 100\u201d, en la que participaron m\u00e1s de 3 mil ni\u00f1os,<\/p>\n","protected":false},"author":1,"featured_media":13203,"comment_status":"open","ping_status":"open","sticky":false,"template":"","format":"standard","meta":{"footnotes":""},"categories":[14,3],"tags":[],"class_list":["post-13202","post","type-post","status-publish","format-standard","has-post-thumbnail","hentry","category-destacadas","category-gobierno-del-estado-de-michoacan"],"_links":{"self":[{"href":"https:\/\/radiowebmx.com\/nota\/wp-json\/wp\/v2\/posts\/13202","targetHints":{"allow":["GET"]}}],"collection":[{"href":"https:\/\/radiowebmx.com\/nota\/wp-json\/wp\/v2\/posts"}],"about":[{"href":"https:\/\/radiowebmx.com\/nota\/wp-json\/wp\/v2\/types\/post"}],"author":[{"embeddable":true,"href":"https:\/\/radiowebmx.com\/nota\/wp-json\/wp\/v2\/users\/1"}],"replies":[{"embeddable":true,"href":"https:\/\/radiowebmx.com\/nota\/wp-json\/wp\/v2\/comments?post=13202"}],"version-history":[{"count":1,"href":"https:\/\/radiowebmx.com\/nota\/wp-json\/wp\/v2\/posts\/13202\/revisions"}],"predecessor-version":[{"id":13204,"href":"https:\/\/radiowebmx.com\/nota\/wp-json\/wp\/v2\/posts\/13202\/revisions\/13204"}],"wp:featuredmedia":[{"embeddable":true,"href":"https:\/\/radiowebmx.com\/nota\/wp-json\/wp\/v2\/media\/13203"}],"wp:attachment":[{"href":"https:\/\/radiowebmx.com\/nota\/wp-json\/wp\/v2\/media?parent=13202"}],"wp:term":[{"taxonomy":"category","embeddable":true,"href":"https:\/\/radiowebmx.com\/nota\/wp-json\/wp\/v2\/categories?post=13202"},{"taxonomy":"post_tag","embeddable":true,"href":"https:\/\/radiowebmx.com\/nota\/wp-json\/wp\/v2\/tags?post=13202"}],"curies":[{"name":"wp","href":"https:\/\/api.w.org\/{rel}","templated":true}]}}