{"id":13196,"date":"2015-02-05T14:12:49","date_gmt":"2015-02-05T20:12:49","guid":{"rendered":"https:\/\/radiowebmx.com\/nota\/?p=13196"},"modified":"2015-02-05T14:12:49","modified_gmt":"2015-02-05T20:12:49","slug":"entrega-dif-municipal-protesis-mamarias-en-el-dia-mundial-contra-el-cancer","status":"publish","type":"post","link":"https:\/\/radiowebmx.com\/nota\/entrega-dif-municipal-protesis-mamarias-en-el-dia-mundial-contra-el-cancer\/","title":{"rendered":"ENTREGA DIF MUNICIPAL PR\u00d3TESIS MAMARIAS EN EL DIA MUNDIAL CONTRA EL C\u00c1NCER"},"content":{"rendered":"<p><b>\u00a0E<\/b>l Ayuntamiento de Morelia que preside Wilfrido L\u00e1zaro Medina, a trav\u00e9s del Comit\u00e9 para el Desarrollo Integral de la Familia (DIF), en una Suma de Voluntades con el Instituto Michoacano de Cancerolog\u00eda, hizo entrega de 60 pr\u00f3tesis mamarias y los resultados de 193 mastograf\u00edas y estudios de ant\u00edgeno prost\u00e1tico.<\/p>\n<p>&nbsp;<\/p>\n<p>En el evento, realizado en el marco del D\u00eda Mundial contra el C\u00e1ncer, el alcalde moreliano reconoci\u00f3 la labor de los integrantes del Cabildo, quienes con su aprobaci\u00f3n destinan los recursos para efectuar acciones que benefician a la poblaci\u00f3n, principalmente a quienes menos tienen.<\/p>\n<p>&nbsp;<\/p>\n<p>\u201cEl DIF es el espacio de la administraci\u00f3n municipal donde se tratan los temas de la familia, es donde se\u00a0 da la mayor inversi\u00f3n emocional, porque se tienen que atender problemas de discapacidad, del c\u00e1ncer y otros\u201d, expres\u00f3 L\u00e1zaro Medina.<\/p>\n<p>&nbsp;<\/p>\n<p>Posteriormente, la presidenta del Sistema DIF Morelia, Margarita Oribio de L\u00e1zaro, afirm\u00f3 que en este proyecto el municipio invirti\u00f3 275 mil pesos, con el objetivo de prevenir y detectar a tiempo el de c\u00e1ncer de mama o de pr\u00f3stata.<\/p>\n<p>&nbsp;<\/p>\n<p>Mencion\u00f3 que el gobierno que encabeza Wilfrido L\u00e1zaro, seguir\u00e1 fortaleciendo los programas\u00a0 que coadyuven a transformar las condiciones de vida de las mujeres y los varones, acercando los servicios de prevenci\u00f3n, brindando la orientaci\u00f3n y los mecanismos para fomentar los cuidados preventivos.<\/p>\n<p>&nbsp;<\/p>\n<p>Asimismo, la directora del sistema DIF en el municipio, M\u00f3nica Castro Tavera, refiri\u00f3 que el total de los estudios efectuados tuvieron resultados negativos, lo que representa una buena noticia para igual n\u00famero de personas que acudieron a realizarse a tiempo dicho examen.<\/p>\n<p>&nbsp;<\/p>\n<p>La titular del DIF Michoac\u00e1n, Catherine Rose Ettinger McEnulty, aplaudi\u00f3 la iniciativa de la se\u00f1ora Maggy Oribio, de promover este tipo de acciones que son un ejemplo de lo que se puede hacer cuando la sociedad civil y el gobierno re\u00fanen esfuerzos en pro de la sociedad.<\/p>\n<p>&nbsp;<\/p>\n<p>Durante la entrega, estuvieron presentes los regidores Fernando Orozco Miranda, Leticia Farf\u00e1n V\u00e1zquez y Sara\u00ed Cort\u00e9s Ortiz, adem\u00e1s del director del Instituto Michoacano de Cancerolog\u00eda, Wilfrido Herrera Calder\u00f3n.<\/p>\n","protected":false},"excerpt":{"rendered":"<p> El Ayuntamiento de Morelia que preside Wilfrido L\u00e1zaro Medina, a trav\u00e9s del Comit\u00e9 para el Desarrollo Integral de la Familia (DIF), en una Suma de Voluntades con el Instituto Michoacano de Cancerolog\u00eda, hizo entrega de 60 pr\u00f3tesis mamarias y los resultados de 193 mastograf\u00edas y estudios de ant\u00edgeno prost\u00e1tico.<\/p>\n","protected":false},"author":1,"featured_media":13197,"comment_status":"open","ping_status":"open","sticky":false,"template":"","format":"standard","meta":{"footnotes":""},"categories":[14,9],"tags":[],"class_list":["post-13196","post","type-post","status-publish","format-standard","has-post-thumbnail","hentry","category-destacadas","category-morelia"],"_links":{"self":[{"href":"https:\/\/radiowebmx.com\/nota\/wp-json\/wp\/v2\/posts\/13196","targetHints":{"allow":["GET"]}}],"collection":[{"href":"https:\/\/radiowebmx.com\/nota\/wp-json\/wp\/v2\/posts"}],"about":[{"href":"https:\/\/radiowebmx.com\/nota\/wp-json\/wp\/v2\/types\/post"}],"author":[{"embeddable":true,"href":"https:\/\/radiowebmx.com\/nota\/wp-json\/wp\/v2\/users\/1"}],"replies":[{"embeddable":true,"href":"https:\/\/radiowebmx.com\/nota\/wp-json\/wp\/v2\/comments?post=13196"}],"version-history":[{"count":1,"href":"https:\/\/radiowebmx.com\/nota\/wp-json\/wp\/v2\/posts\/13196\/revisions"}],"predecessor-version":[{"id":13198,"href":"https:\/\/radiowebmx.com\/nota\/wp-json\/wp\/v2\/posts\/13196\/revisions\/13198"}],"wp:featuredmedia":[{"embeddable":true,"href":"https:\/\/radiowebmx.com\/nota\/wp-json\/wp\/v2\/media\/13197"}],"wp:attachment":[{"href":"https:\/\/radiowebmx.com\/nota\/wp-json\/wp\/v2\/media?parent=13196"}],"wp:term":[{"taxonomy":"category","embeddable":true,"href":"https:\/\/radiowebmx.com\/nota\/wp-json\/wp\/v2\/categories?post=13196"},{"taxonomy":"post_tag","embeddable":true,"href":"https:\/\/radiowebmx.com\/nota\/wp-json\/wp\/v2\/tags?post=13196"}],"curies":[{"name":"wp","href":"https:\/\/api.w.org\/{rel}","templated":true}]}}