{"id":13193,"date":"2015-02-05T14:11:22","date_gmt":"2015-02-05T20:11:22","guid":{"rendered":"https:\/\/radiowebmx.com\/nota\/?p=13193"},"modified":"2015-02-05T14:11:22","modified_gmt":"2015-02-05T20:11:22","slug":"imparten-programacion-neurolinguistica-a-personal-del-conalep","status":"publish","type":"post","link":"https:\/\/radiowebmx.com\/nota\/imparten-programacion-neurolinguistica-a-personal-del-conalep\/","title":{"rendered":"IMPARTEN PROGRAMACI\u00d3N NEUROLING\u00dc\u00cdSTICA A PERSONAL DEL CONALEP"},"content":{"rendered":"<p>En busca de fortalecer los valores, fomentar el trabajo conjunto y generar buen ambiente laboral, el Colegio de Educaci\u00f3n Profesional T\u00e9cnica del Estado de Michoac\u00e1n (Conalep) organiz\u00f3 la conferencia \u201cVivir bien es una cuesti\u00f3n de actitud\u201d.<\/p>\n<p>Tzitzi Erandi Becerra Moreno, directora General del subsistema, inform\u00f3 que la charla motivacional es parte de un conjunto de diecis\u00e9is conferencias que permitir\u00e1n\u00a0 a quienes las tomen obtener un diplomado en Desarrollo Humano y Programaci\u00f3n Neuroling\u00fc\u00edstica.<\/p>\n<p>Durante la pl\u00e1tica impartida por V\u00edctor Fern\u00e1ndez y Jos\u00e9 C\u00e1rdenas, ambos masters en Programaci\u00f3n Neuroling\u00fc\u00edstica, se\u00a0habl\u00f3 sobre\u00a0\u00a0todas las capacidades que el ser humano tiene guardadas y que no aprovecha por estar lament\u00e1ndose por\u00a0\u00a0lo que no tiene.<\/p>\n<p>Becerra Moreno destac\u00f3 que el aprendizaje m\u00e1s grande que se llevaron los asistentes, fue la posibilidad de observarse a s\u00ed mismos e iniciar un cambio de actitud que permitir\u00e1 ayudar a los padres de familia y alumnos de los trece planteles que integran el subsistema.<\/p>\n<p>Como parte de una educaci\u00f3n integral, el colegio, que cuenta con una matr\u00edcula de m\u00e1s de 11 mil alumnos en la entidad, desarrolla actividades que fomenten en los alumnos valores como el respeto a la persona, la mentalidad positiva y la comunicaci\u00f3n.<\/p>\n","protected":false},"excerpt":{"rendered":"<p>En busca de fortalecer los valores, fomentar el trabajo conjunto y generar buen ambiente laboral, el Colegio de Educaci\u00f3n Profesional T\u00e9cnica del Estado de Michoac\u00e1n (Conalep) organiz\u00f3 la conferencia \u201cVivir bien es una cuesti\u00f3n de actitud\u201d.<\/p>\n","protected":false},"author":1,"featured_media":13194,"comment_status":"open","ping_status":"open","sticky":false,"template":"","format":"standard","meta":{"footnotes":""},"categories":[14,3],"tags":[],"class_list":["post-13193","post","type-post","status-publish","format-standard","has-post-thumbnail","hentry","category-destacadas","category-gobierno-del-estado-de-michoacan"],"_links":{"self":[{"href":"https:\/\/radiowebmx.com\/nota\/wp-json\/wp\/v2\/posts\/13193","targetHints":{"allow":["GET"]}}],"collection":[{"href":"https:\/\/radiowebmx.com\/nota\/wp-json\/wp\/v2\/posts"}],"about":[{"href":"https:\/\/radiowebmx.com\/nota\/wp-json\/wp\/v2\/types\/post"}],"author":[{"embeddable":true,"href":"https:\/\/radiowebmx.com\/nota\/wp-json\/wp\/v2\/users\/1"}],"replies":[{"embeddable":true,"href":"https:\/\/radiowebmx.com\/nota\/wp-json\/wp\/v2\/comments?post=13193"}],"version-history":[{"count":1,"href":"https:\/\/radiowebmx.com\/nota\/wp-json\/wp\/v2\/posts\/13193\/revisions"}],"predecessor-version":[{"id":13195,"href":"https:\/\/radiowebmx.com\/nota\/wp-json\/wp\/v2\/posts\/13193\/revisions\/13195"}],"wp:featuredmedia":[{"embeddable":true,"href":"https:\/\/radiowebmx.com\/nota\/wp-json\/wp\/v2\/media\/13194"}],"wp:attachment":[{"href":"https:\/\/radiowebmx.com\/nota\/wp-json\/wp\/v2\/media?parent=13193"}],"wp:term":[{"taxonomy":"category","embeddable":true,"href":"https:\/\/radiowebmx.com\/nota\/wp-json\/wp\/v2\/categories?post=13193"},{"taxonomy":"post_tag","embeddable":true,"href":"https:\/\/radiowebmx.com\/nota\/wp-json\/wp\/v2\/tags?post=13193"}],"curies":[{"name":"wp","href":"https:\/\/api.w.org\/{rel}","templated":true}]}}