{"id":1318,"date":"2013-02-14T13:10:44","date_gmt":"2013-02-14T19:10:44","guid":{"rendered":"https:\/\/radiowebmx.com\/nota\/?p=1318"},"modified":"2013-02-14T13:11:54","modified_gmt":"2013-02-14T19:11:54","slug":"morelia-alinea-con-la-federacion-sus-politicas-publicas-en-seguridad","status":"publish","type":"post","link":"https:\/\/radiowebmx.com\/nota\/morelia-alinea-con-la-federacion-sus-politicas-publicas-en-seguridad\/","title":{"rendered":"MORELIA ALINEA CON LA FEDERACI\u00d3N SUS POL\u00cdTICAS P\u00daBLICAS EN SEGURIDAD"},"content":{"rendered":"<p>Morelia alinea pol\u00edticas p\u00fablicas en materia de seguridad a nivel nacional; qued\u00f3 incorporada al Programa Nacional para la Prevenci\u00f3n Social de la Violencia y la Delincuencia donde el objetivo general, es la prevenci\u00f3n del delito.<\/p>\n<p>&nbsp;<\/p>\n<p>El Jefe de la Comuna capitalina Wilfrido L\u00e1zaro Medina, inform\u00f3 lo anterior al tiempo de se\u00f1alar que en la ciudad de Aguascalientes, Morelia hizo presencia como uno de los 47 ayuntamientos de la primera zona de influencia para la aplicaci\u00f3n de este programa que contar\u00e1 con una bolsa de apoyo de m\u00e1s de 100 mil millones de pesos.<\/p>\n<p>&nbsp;<\/p>\n<p>Refiri\u00f3 el edil que la reuni\u00f3n en menci\u00f3n fue presidida por el Jefe de la Naci\u00f3n, Enrique Pe\u00f1a Nieto quien dijo, \u201cdej\u00f3 en claro que en pol\u00edticas de seguridad, su gobierno va por lograr la cultura de la paz y no una guerra frontal contra grupos delincuenciales\u201d.<\/p>\n<p>&nbsp;<\/p>\n<p>Ah\u00ed, al establecer compromisos destac\u00f3 que a los m\u00e1s de 2 mil 400 municipios del pa\u00eds, corresponde trabajar por la prevenci\u00f3n con estrategias coordinadas y en una suma de esfuerzos con Secretarias como la de Gobernaci\u00f3n, Hacienda y Cr\u00e9dito P\u00fablico, de Educaci\u00f3n P\u00fablica, Desarrollo Social, Desarrollo Agrario, Trabajo y Previsi\u00f3n Social, de Salud, Econom\u00eda y Comunicaciones y transportes.<\/p>\n<p>&nbsp;<\/p>\n<p>Precis\u00f3 que a trav\u00e9s de las Secretarias de referencia y de manera coordinada con los ayuntamientos, se promover\u00e1 la participaci\u00f3n ciudadana y una cultura social de legalidad y tolerancia; se transparentar\u00e1n los recursos p\u00fabicos destinados al programa; se reforzar\u00e1 la ense\u00f1anza de los valores c\u00edvicos y \u00e9ticos; se enfocar\u00e1 el combate de la pobreza y desigualdades en las comunidades con mayor incidencia delictiva y grupos vulnerables; se recuperar\u00e1n espacios p\u00fablicos; se ampliar\u00e1n las oportunidades de capacitaci\u00f3n y vinculaci\u00f3n laboral as\u00ed como el empleo formal; apoyo a la creaci\u00f3n de empresas sociales y se ofrecer\u00e1n oportunidades de empleo temporal en zonas de alta vulnerabilidad social o afectada por desastres naturales, respectivamente.<\/p>\n<p>&nbsp;<\/p>\n<p>Es as\u00ed se\u00f1al\u00f3 el edil moreliano que los ayuntamientos como Morelia y las Secretarias en menci\u00f3n, coordinar\u00e1n esfuerzos para reforzar las estrategias que en materia de seguridad llevan a cabo.<\/p>\n<p>&nbsp;<\/p>\n<p>L\u00e1zaro Medina apunt\u00f3 que la estrategia que al respecto se realiza en esta capital, armoniza con el nuevo programa lo que hace posible establecer que, \u201cfalta mucho por hacer, pero vamos por el camino adecuado y en esta intensi\u00f3n y responsabilidad, no aflojaremos el paso\u201d.<\/p>\n","protected":false},"excerpt":{"rendered":"<p>Morelia alinea pol\u00edticas p\u00fablicas en materia de seguridad a nivel nacional; qued\u00f3 incorporada al Programa Nacional para la Prevenci\u00f3n Social de la Violencia y la Delincuencia donde el objetivo general, es la prevenci\u00f3n del delito. &nbsp; El Jefe de la Comuna capitalina Wilfrido L\u00e1zaro Medina, inform\u00f3 lo anterior al tiempo de se\u00f1alar que en la [&hellip;]<\/p>\n","protected":false},"author":1,"featured_media":0,"comment_status":"open","ping_status":"open","sticky":false,"template":"","format":"standard","meta":{"footnotes":""},"categories":[9],"tags":[],"class_list":["post-1318","post","type-post","status-publish","format-standard","hentry","category-morelia"],"_links":{"self":[{"href":"https:\/\/radiowebmx.com\/nota\/wp-json\/wp\/v2\/posts\/1318","targetHints":{"allow":["GET"]}}],"collection":[{"href":"https:\/\/radiowebmx.com\/nota\/wp-json\/wp\/v2\/posts"}],"about":[{"href":"https:\/\/radiowebmx.com\/nota\/wp-json\/wp\/v2\/types\/post"}],"author":[{"embeddable":true,"href":"https:\/\/radiowebmx.com\/nota\/wp-json\/wp\/v2\/users\/1"}],"replies":[{"embeddable":true,"href":"https:\/\/radiowebmx.com\/nota\/wp-json\/wp\/v2\/comments?post=1318"}],"version-history":[{"count":2,"href":"https:\/\/radiowebmx.com\/nota\/wp-json\/wp\/v2\/posts\/1318\/revisions"}],"predecessor-version":[{"id":1320,"href":"https:\/\/radiowebmx.com\/nota\/wp-json\/wp\/v2\/posts\/1318\/revisions\/1320"}],"wp:attachment":[{"href":"https:\/\/radiowebmx.com\/nota\/wp-json\/wp\/v2\/media?parent=1318"}],"wp:term":[{"taxonomy":"category","embeddable":true,"href":"https:\/\/radiowebmx.com\/nota\/wp-json\/wp\/v2\/categories?post=1318"},{"taxonomy":"post_tag","embeddable":true,"href":"https:\/\/radiowebmx.com\/nota\/wp-json\/wp\/v2\/tags?post=1318"}],"curies":[{"name":"wp","href":"https:\/\/api.w.org\/{rel}","templated":true}]}}