{"id":13174,"date":"2015-02-05T12:21:14","date_gmt":"2015-02-05T18:21:14","guid":{"rendered":"https:\/\/radiowebmx.com\/nota\/?p=13174"},"modified":"2015-02-05T12:21:14","modified_gmt":"2015-02-05T18:21:14","slug":"el-municipio-de-santa-ana-maya-invita-a-79-edicion-de-la-fiesta-tradicional-del-sr-de-la-divina-clemencia","status":"publish","type":"post","link":"https:\/\/radiowebmx.com\/nota\/el-municipio-de-santa-ana-maya-invita-a-79-edicion-de-la-fiesta-tradicional-del-sr-de-la-divina-clemencia\/","title":{"rendered":"EL MUNICIPIO DE SANTA ANA MAYA INVITA A 79 EDICI\u00d3N DE LA FIESTA TRADICIONAL DEL SR. DE LA DIVINA CLEMENCIA.."},"content":{"rendered":"<p>Santa Ana Maya Michoac\u00e1n, hace el honor de invitarte a la 79 Edici\u00f3n de la Fiesta tradicional en honor al Se\u00f1or de la Divina Clemencia, QUE SE LLEVARA ACABO DEL 14 AL 16 DE FEBRERO 2015, en esta feria religiosa se contar\u00e1 con la participaci\u00f3n del Parque Zool\u00f3gico Benito Ju\u00e1rez de la Ciudad de Morelia, el Centro de convenciones con la Presentaci\u00f3n de su Orquidiario, el d\u00eda 14 en la Inauguraci\u00f3n se contar\u00e1 con la participaci\u00f3n de los Municipios vecinos del Estado de Guanajuato y Michoac\u00e1n, Abra Bandas de M\u00fasica en la Plaza Principal, Sin Faltar los Jaripeos Rancheros y el Tradicional Baile de Gala, as\u00ed lo Dieron a Conocer el Presidente Municipal, C.P. Fernando Mendoza L\u00f3pez, acompa\u00f1ado del Secretario del H. Ayuntamiento y las Bellezas del Municipio y de la Directora de Ferias del Estado de Michoac\u00e1n, Lic. Nancy Ang\u00e9lica Vallejo Garc\u00eda,<\/p>\n","protected":false},"excerpt":{"rendered":"<p>Santa Ana Maya Michoac\u00e1n, hace el honor de invitarte a la 79 Edici\u00f3n de la Fiesta tradicional en honor al Se\u00f1or de la Divina Clemencia, QUE SE LLEVARA ACABO DEL 14 AL 16 DE FEBRERO 2015, en esta feria religiosa se contar\u00e1 con la participaci\u00f3n del Parque Zool\u00f3gico Benito Ju\u00e1rez de la Ciudad de Morelia<\/p>\n","protected":false},"author":1,"featured_media":13175,"comment_status":"open","ping_status":"open","sticky":false,"template":"","format":"standard","meta":{"footnotes":""},"categories":[14],"tags":[],"class_list":["post-13174","post","type-post","status-publish","format-standard","has-post-thumbnail","hentry","category-destacadas"],"_links":{"self":[{"href":"https:\/\/radiowebmx.com\/nota\/wp-json\/wp\/v2\/posts\/13174","targetHints":{"allow":["GET"]}}],"collection":[{"href":"https:\/\/radiowebmx.com\/nota\/wp-json\/wp\/v2\/posts"}],"about":[{"href":"https:\/\/radiowebmx.com\/nota\/wp-json\/wp\/v2\/types\/post"}],"author":[{"embeddable":true,"href":"https:\/\/radiowebmx.com\/nota\/wp-json\/wp\/v2\/users\/1"}],"replies":[{"embeddable":true,"href":"https:\/\/radiowebmx.com\/nota\/wp-json\/wp\/v2\/comments?post=13174"}],"version-history":[{"count":1,"href":"https:\/\/radiowebmx.com\/nota\/wp-json\/wp\/v2\/posts\/13174\/revisions"}],"predecessor-version":[{"id":13176,"href":"https:\/\/radiowebmx.com\/nota\/wp-json\/wp\/v2\/posts\/13174\/revisions\/13176"}],"wp:featuredmedia":[{"embeddable":true,"href":"https:\/\/radiowebmx.com\/nota\/wp-json\/wp\/v2\/media\/13175"}],"wp:attachment":[{"href":"https:\/\/radiowebmx.com\/nota\/wp-json\/wp\/v2\/media?parent=13174"}],"wp:term":[{"taxonomy":"category","embeddable":true,"href":"https:\/\/radiowebmx.com\/nota\/wp-json\/wp\/v2\/categories?post=13174"},{"taxonomy":"post_tag","embeddable":true,"href":"https:\/\/radiowebmx.com\/nota\/wp-json\/wp\/v2\/tags?post=13174"}],"curies":[{"name":"wp","href":"https:\/\/api.w.org\/{rel}","templated":true}]}}