{"id":13167,"date":"2015-02-04T11:48:46","date_gmt":"2015-02-04T17:48:46","guid":{"rendered":"https:\/\/radiowebmx.com\/nota\/?p=13167"},"modified":"2015-02-04T11:48:46","modified_gmt":"2015-02-04T17:48:46","slug":"ejerce-accion-penal-pgje-por-hechos-ocurridos-en-centro-nocturno-de-morelia","status":"publish","type":"post","link":"https:\/\/radiowebmx.com\/nota\/ejerce-accion-penal-pgje-por-hechos-ocurridos-en-centro-nocturno-de-morelia\/","title":{"rendered":"Ejerce acci\u00f3n penal PGJE por hechos ocurridos en centro nocturno de Morelia"},"content":{"rendered":"<p>La Procuradur\u00eda General de Justicia del Estado de Michoac\u00e1n ejerci\u00f3 acci\u00f3n penal y solicit\u00f3 ante el juez de la causa una orden de aprehensi\u00f3n en contra de probable responsable de los hechos ocurridos la madrugada del domingo en un centro nocturno, ubicado al sur de la ciudad.<\/p>\n<p>Durante las investigaciones realizadas por personal ministerial, se estableci\u00f3 que Daniel Alberto C. de 28 a\u00f1os de edad, originario del municipio de Apatzing\u00e1n y vecino de esta ciudad de Morelia, accion\u00f3 un arma de fuego calibre .9 mm, en el citado establecimiento, dejando como saldo dos personas lesionadas.<\/p>\n<p>Durante la indagatoria, se\u00a0 acredit\u00f3 que en el bar se suscit\u00f3 una ri\u00f1a entre varios de los asistentes en la que particip\u00f3 Daniel Alberto y su hermano, quienes momentos despu\u00e9s salieron del lugar y una vez que se encontraban en la recepci\u00f3n del establecimiento, el indiciado dispar\u00f3 el arma en diversas ocasiones, hecho en el cual resultaron lesionadas dos personas.<\/p>\n<p>Luego de las agresiones el inculpado se dio a la fuga, sin embargo, elementos de Fuerza Ciudadana perteneciente a la Secretar\u00eda de Seguridad P\u00fablica lograron detenerlo en la zona y le\u00a0 aseguraron un arma de fuego calibre .9 mm.<\/p>\n<p>El indiciado fue puesto a disposici\u00f3n de la Procuradur\u00eda General de la Rep\u00fablica por violaci\u00f3n a la Ley Federal de Armas de Fuego y Explosivos; asimismo la Procuradur\u00eda General de Justicia del Estado de Michoac\u00e1n integr\u00f3 Averiguaci\u00f3n Previa por Homicidio en grado de tentativa, en agravio de dos personas y solicit\u00f3 la orden de aprehensi\u00f3n respectiva en contra de Daniel Alberto C. por su probable responsabilidad en este hecho il\u00edcito.<\/p>\n<p>Cabe hacer menci\u00f3n que desde las primeras horas del pasado domingo, al tener conocimiento de los hechos la PGJE dispuso el aseguramiento precautorio del inmueble ubicado en el bulevar Jefferson, en la zona Sur de Morelia, a efecto de realizar las investigaciones correspondientes.<\/p>\n<p>De esta manera, la Procuradur\u00eda General de Justicia del Estado manifiesta su disposici\u00f3n de mantener firmes las acciones necesarias de investigaci\u00f3n y persecuci\u00f3n de los delitos.<\/p>\n","protected":false},"excerpt":{"rendered":"<p>La Procuradur\u00eda General de Justicia del Estado de Michoac\u00e1n ejerci\u00f3 acci\u00f3n penal y solicit\u00f3 ante el juez de la causa una orden de aprehensi\u00f3n en contra de probable responsable de los hechos ocurridos la madrugada del domingo en un centro nocturno, ubicado al sur de la ciudad.<\/p>\n","protected":false},"author":1,"featured_media":0,"comment_status":"open","ping_status":"open","sticky":false,"template":"","format":"standard","meta":{"footnotes":""},"categories":[3],"tags":[],"class_list":["post-13167","post","type-post","status-publish","format-standard","hentry","category-gobierno-del-estado-de-michoacan"],"_links":{"self":[{"href":"https:\/\/radiowebmx.com\/nota\/wp-json\/wp\/v2\/posts\/13167","targetHints":{"allow":["GET"]}}],"collection":[{"href":"https:\/\/radiowebmx.com\/nota\/wp-json\/wp\/v2\/posts"}],"about":[{"href":"https:\/\/radiowebmx.com\/nota\/wp-json\/wp\/v2\/types\/post"}],"author":[{"embeddable":true,"href":"https:\/\/radiowebmx.com\/nota\/wp-json\/wp\/v2\/users\/1"}],"replies":[{"embeddable":true,"href":"https:\/\/radiowebmx.com\/nota\/wp-json\/wp\/v2\/comments?post=13167"}],"version-history":[{"count":2,"href":"https:\/\/radiowebmx.com\/nota\/wp-json\/wp\/v2\/posts\/13167\/revisions"}],"predecessor-version":[{"id":13169,"href":"https:\/\/radiowebmx.com\/nota\/wp-json\/wp\/v2\/posts\/13167\/revisions\/13169"}],"wp:attachment":[{"href":"https:\/\/radiowebmx.com\/nota\/wp-json\/wp\/v2\/media?parent=13167"}],"wp:term":[{"taxonomy":"category","embeddable":true,"href":"https:\/\/radiowebmx.com\/nota\/wp-json\/wp\/v2\/categories?post=13167"},{"taxonomy":"post_tag","embeddable":true,"href":"https:\/\/radiowebmx.com\/nota\/wp-json\/wp\/v2\/tags?post=13167"}],"curies":[{"name":"wp","href":"https:\/\/api.w.org\/{rel}","templated":true}]}}