{"id":13164,"date":"2015-02-04T11:46:42","date_gmt":"2015-02-04T17:46:42","guid":{"rendered":"https:\/\/radiowebmx.com\/nota\/?p=13164"},"modified":"2015-02-04T11:46:42","modified_gmt":"2015-02-04T17:46:42","slug":"satisfactorio-el-trabajo-de-los-sistemas-dif-municipales","status":"publish","type":"post","link":"https:\/\/radiowebmx.com\/nota\/satisfactorio-el-trabajo-de-los-sistemas-dif-municipales\/","title":{"rendered":"SATISFACTORIO EL TRABAJO DE LOS SISTEMAS DIF MUNICIPALES"},"content":{"rendered":"<p>Con el objetivo de conocer personalmente las necesidades de los sectores en estado de vulnerabilidad, la presidenta del Sistema para el Desarrollo Integral de la Familia (DIF) Michoac\u00e1n, Catherine R. Ettinger, realiz\u00f3 una gira de trabajo en los municipios de Indaparapeo y Quer\u00e9ndaro.<\/p>\n<p>&nbsp;<\/p>\n<p>En el municipio de Indaparapeo fue recibida en el Centro de Atenci\u00f3n M\u00faltiple (CAM), por el alcalde J. Antonio L\u00f3pez Le\u00f3n y su esposa, la presidenta del DIF municipal, Gloria Estrellita Fulgencio Garc\u00eda, quienes agradecieron su presencia y la invitaron a conocer las instalaciones del centro que actualmente tiene en su matr\u00edcula a 13 ni\u00f1os que reciben educaci\u00f3n especial por presentar discapacidad intelectual, motriz, auditiva o visual.<\/p>\n<p>&nbsp;<\/p>\n<p>Enseguida las autoridades se trasladaron a la Estancia del Adulto Mayor en donde las personas ah\u00ed presentes las recibieron con singular alegr\u00eda y dieron una muestra de su talento al interpretar algunas canciones. En el evento se aprovech\u00f3 para hacer entrega de cobijas a las 60 personas que tres d\u00edas a la semana asisten a la estancia y pueden integrarse a talleres de canto, manualidades, acondicionamiento f\u00edsico, proyecci\u00f3n de pel\u00edculas y terapia grupal psicol\u00f3gica.<\/p>\n<p>&nbsp;<\/p>\n<p>Ettinger McEnulty invit\u00f3 a las personas mayores a seguir con esa actitud &#8220;son ejemplo para las nuevas generaciones y est\u00e1n en una etapa en la que pueden disfrutar en plenitud de tantas cosas que en ocasiones, por el trabajo o las obligaciones, nosotros no podemos realizarlas&#8221;.<\/p>\n<p>&nbsp;<\/p>\n<p>Continuando con el recorrido, se visit\u00f3 la Escuela Primaria Rural Federal L\u00e1zaro C\u00e1rdenas, ubicada en el municipio de Quer\u00e9ndaro, la cual cuenta con un desayunador escolar y brinda alimento a 55 peque\u00f1os que cursan el preescolar y la primaria.<\/p>\n<p>&nbsp;<\/p>\n<p>El presidente municipal de Quer\u00e9ndaro, Alejandro Cuauht\u00e9moc Sol\u00eds Garc\u00eda y su esposa, Sonia G\u00f3mez Mu\u00f1oz, agradecieron el apoyo del DIF estatal y a su vez se sumaron a la petici\u00f3n del director y maestros de la escuela para mejorar las condiciones del desayunador y tener un espacio adecuado para los ni\u00f1os y ni\u00f1as que d\u00eda a d\u00eda asisten a clases y que buscan un desarrollo integral.<\/p>\n<p>&nbsp;<\/p>\n<p>La presidenta de la dependencia estatal visit\u00f3 las instalaciones del DIF municipal y pudo observar las manualidades y trabajos que realizan las personas que asisten a los Centros de Capacitaci\u00f3n y Desarrollo (CECADES). Recorri\u00f3 el \u00e1rea de psicolog\u00eda, la cual atiende 140 personas mensuales y el consultorio dental que diariamente recibe 10 pacientes.<\/p>\n<p>&nbsp;<\/p>\n<p>Reconoci\u00f3 que es muy satisfactorio ver los resultados de los DIF municipales e indic\u00f3 se dar\u00e1 seguimiento a las requisiciones hechas durante la gira, para que se siga trabajando como hasta ahora y hacer llegar cada uno de los apoyos a la gente que tiene que recibirlos.<\/p>\n<p>&nbsp;<\/p>\n<p>Posteriormente se hizo un recorrido por el CAM &#8220;Lic. Luis Calder\u00f3n Vega&#8221; que atiende a 27 personas con S\u00edndrome de Down, discapacidad motriz, de lenguaje, de aprendizaje, visual o autismo; el centro tiene grupos de preescolar, primaria y laboral, \u00e9ste \u00faltimo prepara a j\u00f3venes de 18 a 22 a\u00f1os para que aprendan alguna actividad que les permita desarrollarse en el \u00e1mbito laboral y as\u00ed contribuir con el progreso social y econ\u00f3mico de su comunidad.<\/p>\n<p>&nbsp;<\/p>\n<p>Con esto, el DIF estatal refrenda su cercan\u00eda con los municipios del estado para trabajar hombro con hombro por los sectores m\u00e1s vulnerables.<\/p>\n","protected":false},"excerpt":{"rendered":"<p>Con el objetivo de conocer personalmente las necesidades de los sectores en estado de vulnerabilidad, la presidenta del Sistema para el Desarrollo Integral de la Familia (DIF) Michoac\u00e1n, Catherine R. Ettinger, realiz\u00f3 una gira de trabajo en los municipios de Indaparapeo y Quer\u00e9ndaro. <\/p>\n","protected":false},"author":1,"featured_media":13165,"comment_status":"open","ping_status":"open","sticky":false,"template":"","format":"standard","meta":{"footnotes":""},"categories":[14,3],"tags":[],"class_list":["post-13164","post","type-post","status-publish","format-standard","has-post-thumbnail","hentry","category-destacadas","category-gobierno-del-estado-de-michoacan"],"_links":{"self":[{"href":"https:\/\/radiowebmx.com\/nota\/wp-json\/wp\/v2\/posts\/13164","targetHints":{"allow":["GET"]}}],"collection":[{"href":"https:\/\/radiowebmx.com\/nota\/wp-json\/wp\/v2\/posts"}],"about":[{"href":"https:\/\/radiowebmx.com\/nota\/wp-json\/wp\/v2\/types\/post"}],"author":[{"embeddable":true,"href":"https:\/\/radiowebmx.com\/nota\/wp-json\/wp\/v2\/users\/1"}],"replies":[{"embeddable":true,"href":"https:\/\/radiowebmx.com\/nota\/wp-json\/wp\/v2\/comments?post=13164"}],"version-history":[{"count":1,"href":"https:\/\/radiowebmx.com\/nota\/wp-json\/wp\/v2\/posts\/13164\/revisions"}],"predecessor-version":[{"id":13166,"href":"https:\/\/radiowebmx.com\/nota\/wp-json\/wp\/v2\/posts\/13164\/revisions\/13166"}],"wp:featuredmedia":[{"embeddable":true,"href":"https:\/\/radiowebmx.com\/nota\/wp-json\/wp\/v2\/media\/13165"}],"wp:attachment":[{"href":"https:\/\/radiowebmx.com\/nota\/wp-json\/wp\/v2\/media?parent=13164"}],"wp:term":[{"taxonomy":"category","embeddable":true,"href":"https:\/\/radiowebmx.com\/nota\/wp-json\/wp\/v2\/categories?post=13164"},{"taxonomy":"post_tag","embeddable":true,"href":"https:\/\/radiowebmx.com\/nota\/wp-json\/wp\/v2\/tags?post=13164"}],"curies":[{"name":"wp","href":"https:\/\/api.w.org\/{rel}","templated":true}]}}