{"id":13161,"date":"2015-02-04T11:43:18","date_gmt":"2015-02-04T17:43:18","guid":{"rendered":"https:\/\/radiowebmx.com\/nota\/?p=13161"},"modified":"2015-02-04T11:43:18","modified_gmt":"2015-02-04T17:43:18","slug":"celebran-al-mas-longevo-de-la-estacia-diurna-del-adulto-mayor","status":"publish","type":"post","link":"https:\/\/radiowebmx.com\/nota\/celebran-al-mas-longevo-de-la-estacia-diurna-del-adulto-mayor\/","title":{"rendered":"CELEBRAN AL M\u00c1S LONGEVO DE LA ESTACIA DIURNA DEL ADULTO MAYOR"},"content":{"rendered":"<p>El Comit\u00e9 para el Desarrollo Integral de la Familia (DIF) de Morelia, a trav\u00e9s de la Estancia Diurna del Adulto Mayor (EDAM), ubicada en la colonia Las Canteras, celebr\u00f3 la ma\u00f1ana de este martes al se\u00f1or Blas Lucio L\u00f3pez, quien cumpli\u00f3 104 a\u00f1os de vida, siendo el m\u00e1s longevo de usuarios que son atendidos en esta instituci\u00f3n.<\/p>\n<p>&nbsp;<\/p>\n<p>En representaci\u00f3n de la presidenta del DIF Municipal, Margarita Oribio de L\u00e1zaro, el coordinador del EDAM, Alejandro Garc\u00eda, encabez\u00f3 el festejo al se\u00f1or Blas Lucio, al que se sumaron familiares y amigos.<\/p>\n<p>&nbsp;<\/p>\n<p>Desde hace 3 a\u00f1os, el festejado acude a la Estancia Diurna, donde ha formado una nueva familia de amistades: \u201cSiento como si todos fu\u00e9ramos hermanos. Tambi\u00e9n, la gente que trabaja aqu\u00ed me trata con mucho cari\u00f1o y respeto. Yo los veo como a mi familia y me siento muy gustoso de poder estar con ellos, rodeado de mis amigos y de los nietos y bisnietos que vinieron a felicitarme\u201d, expres\u00f3 Lucio L\u00f3pez.<\/p>\n<p>&nbsp;<\/p>\n<p>Oriundo de San Felipe, Guanajuato, el se\u00f1or Blas lleg\u00f3 a Morelia a vivir desde la infancia y se dedic\u00f3 al campo, trabaj\u00f3 como pe\u00f3n de alba\u00f1il, entre otros oficios del \u00e1mbito de la construcci\u00f3n. Form\u00f3 una familia de 10 hijos junto a su esposa, con quien comparti\u00f3 30 a\u00f1os de su vida y hoy goza de una excelente salud y memoria.<\/p>\n<p>&nbsp;<\/p>\n<p>A sus 104 a\u00f1os, vive en la colonia Santiaguito de la capital michoacana y todos los d\u00edas se dirige a su encuentro con otros adultos mayores en la instituci\u00f3n, con quienes participa en diferentes actividades art\u00edsticas, talleres culturales y recibe atenci\u00f3n m\u00e9dica, alimentaci\u00f3n y otros cuidados necesarios, a fin de vivir una vejez m\u00e1s plena.<\/p>\n<p>&nbsp;<\/p>\n<p>El coordinador del EDAM destac\u00f3 que el nacimiento de Don Blas ha sido un acontecimiento muy especial, por cumplir este d\u00eda m\u00e1s de un siglo de vida, aunque cada fin de mes los\u00a0 directivos y personal de La dependencia municipal celebran los cumplea\u00f1os de los 117 adultos mayores que atienden a trav\u00e9s de este programa, acci\u00f3n con la que contribuyen a consolidar un Morelia Solidario.<\/p>\n","protected":false},"excerpt":{"rendered":"<p>El Comit\u00e9 para el Desarrollo Integral de la Familia (DIF) de Morelia, a trav\u00e9s de la Estancia Diurna del Adulto Mayor (EDAM), ubicada en la colonia Las Canteras, celebr\u00f3 la ma\u00f1ana de este martes al se\u00f1or Blas Lucio L\u00f3pez, quien cumpli\u00f3 104 a\u00f1os de vida,<\/p>\n","protected":false},"author":1,"featured_media":13162,"comment_status":"open","ping_status":"open","sticky":false,"template":"","format":"standard","meta":{"footnotes":""},"categories":[14,9],"tags":[],"class_list":["post-13161","post","type-post","status-publish","format-standard","has-post-thumbnail","hentry","category-destacadas","category-morelia"],"_links":{"self":[{"href":"https:\/\/radiowebmx.com\/nota\/wp-json\/wp\/v2\/posts\/13161","targetHints":{"allow":["GET"]}}],"collection":[{"href":"https:\/\/radiowebmx.com\/nota\/wp-json\/wp\/v2\/posts"}],"about":[{"href":"https:\/\/radiowebmx.com\/nota\/wp-json\/wp\/v2\/types\/post"}],"author":[{"embeddable":true,"href":"https:\/\/radiowebmx.com\/nota\/wp-json\/wp\/v2\/users\/1"}],"replies":[{"embeddable":true,"href":"https:\/\/radiowebmx.com\/nota\/wp-json\/wp\/v2\/comments?post=13161"}],"version-history":[{"count":1,"href":"https:\/\/radiowebmx.com\/nota\/wp-json\/wp\/v2\/posts\/13161\/revisions"}],"predecessor-version":[{"id":13163,"href":"https:\/\/radiowebmx.com\/nota\/wp-json\/wp\/v2\/posts\/13161\/revisions\/13163"}],"wp:featuredmedia":[{"embeddable":true,"href":"https:\/\/radiowebmx.com\/nota\/wp-json\/wp\/v2\/media\/13162"}],"wp:attachment":[{"href":"https:\/\/radiowebmx.com\/nota\/wp-json\/wp\/v2\/media?parent=13161"}],"wp:term":[{"taxonomy":"category","embeddable":true,"href":"https:\/\/radiowebmx.com\/nota\/wp-json\/wp\/v2\/categories?post=13161"},{"taxonomy":"post_tag","embeddable":true,"href":"https:\/\/radiowebmx.com\/nota\/wp-json\/wp\/v2\/tags?post=13161"}],"curies":[{"name":"wp","href":"https:\/\/api.w.org\/{rel}","templated":true}]}}