{"id":13158,"date":"2015-02-04T11:41:39","date_gmt":"2015-02-04T17:41:39","guid":{"rendered":"https:\/\/radiowebmx.com\/nota\/?p=13158"},"modified":"2015-02-04T11:41:39","modified_gmt":"2015-02-04T17:41:39","slug":"revisa-wlm-y-locatarios-de-santo-nino-proyecto-de-remodelacion","status":"publish","type":"post","link":"https:\/\/radiowebmx.com\/nota\/revisa-wlm-y-locatarios-de-santo-nino-proyecto-de-remodelacion\/","title":{"rendered":"REVISA WLM Y LOCATARIOS DE SANTO NI\u00d1O PROYECTO DE REMODELACI\u00d3N"},"content":{"rendered":"<p>El presidente municipal, Wilfrido L\u00e1zaro Medina se reuni\u00f3\u00a0 con locatarios del mercado Nicol\u00e1s Bravo, conocido tradicionalmente como mercado de Santo Ni\u00f1o, para revisar el proyecto de renovaci\u00f3n, adecuaci\u00f3n y rehabilitaci\u00f3n que se tiene previsto pueda aplicarse en dicho establecimiento, como parte del proyecto de rescate y preservaci\u00f3n del Centro Hist\u00f3rico.<\/p>\n<p>&nbsp;<\/p>\n<p>A trav\u00e9s del Fondo Nacional para la Cultura y las Artes (Fonca), el gobierno municipal prev\u00e9 un recurso de 11 millones de pesos que podr\u00e1n ser destinados a la remodelaci\u00f3n de dicho mercado fundado el 18 de mayo de 1975.<\/p>\n<p>&nbsp;<\/p>\n<p>El alcalde moreliano se\u00f1al\u00f3 que el proyecto tiene como objetivo dignificar el espacio para acrecentar la demanda del establecimiento; que se convierta en un mercado tur\u00edstico con venta de comida t\u00edpica adem\u00e1s de otros alimentos y que sea una opci\u00f3n para los visitantes as\u00ed como para los ciudadanos que acuden al centro de la capital michoacana.<\/p>\n<p>&nbsp;<\/p>\n<p>La obra podr\u00e1 iniciarse una vez que los comerciantes efect\u00faen una asamblea y aprueben de conformidad dicho proyecto. La obra que coordinar\u00e1 el gobierno, a trav\u00e9s de la Secretar\u00eda de Obras P\u00fablicas y la de Servicios P\u00fablicos consiste en la reparaci\u00f3n de los deterioros interiores y exteriores del edificio: instalaci\u00f3n nueva del sistema el\u00e9ctrico, mantenimiento de herrer\u00eda, limpieza de cantera en la fachada del mercado, cambio de pisos, impermeabilizaci\u00f3n de losas, instalaci\u00f3n de un sistema contra incendios, adem\u00e1s de uniformar letreros de los locales en el interior, etc\u00e9tera.<\/p>\n<p>&nbsp;<\/p>\n<p>A su vez, L\u00e1zaro Medina inform\u00f3 a los comerciantes sobre las pl\u00e1ticas que sostienen con locatarios de la Plaza Allende para que se sumen al proyecto de habilitaci\u00f3n de estacionamiento en dicha zona del centro hist\u00f3rico y sean beneficiados al trabajar de manera coordinada y en beneficio de todos.<\/p>\n<p>&nbsp;<\/p>\n<p>\u201cEs importante seguir fortaleciendo el centro hist\u00f3rico. Ustedes son testigos de lo del rescate que se hizo en el 2014\u00a0 en la Cerrada de San Agust\u00edn. Ahora es un espacio digno que pueden visitar los turistas y que podemos ofertar como un corredor de comida t\u00edpica\u201d, expres\u00f3 el alcalde.<\/p>\n<p>&nbsp;<\/p>\n<p>Por otro lado, el arquitecto Jos\u00e9 Luis Rodr\u00edguez, encargado de dise\u00f1ar los planos para poner en marcha la remodelaci\u00f3n del mercado Santo Ni\u00f1o asegur\u00f3 que el recurso etiquetado por el gobierno federal para dicha obra forma parte del programa de mejoramiento de la imagen de centros hist\u00f3ricos y se destina \u00fanicamente a ciudades consideradas como Patrimonio Mundial de la Humanidad.<\/p>\n<p>&nbsp;<\/p>\n<p>Cabe mencionar que desde hace 40 a\u00f1os no se construye un nuevo mercado para Morelia por lo que \u00e9ste ser\u00eda una obra que podr\u00eda beneficiar tanto a los vecinos del centro como a los visitantes, turistas y poblaci\u00f3n en general.<\/p>\n","protected":false},"excerpt":{"rendered":"<p>El presidente municipal, Wilfrido L\u00e1zaro Medina se reuni\u00f3  con locatarios del mercado Nicol\u00e1s Bravo, conocido tradicionalmente como mercado de Santo Ni\u00f1o, para revisar el proyecto de renovaci\u00f3n, adecuaci\u00f3n y rehabilitaci\u00f3n que se tiene previsto pueda aplicarse en dicho establecimiento,<\/p>\n","protected":false},"author":1,"featured_media":13159,"comment_status":"open","ping_status":"open","sticky":false,"template":"","format":"standard","meta":{"footnotes":""},"categories":[14,9],"tags":[],"class_list":["post-13158","post","type-post","status-publish","format-standard","has-post-thumbnail","hentry","category-destacadas","category-morelia"],"_links":{"self":[{"href":"https:\/\/radiowebmx.com\/nota\/wp-json\/wp\/v2\/posts\/13158","targetHints":{"allow":["GET"]}}],"collection":[{"href":"https:\/\/radiowebmx.com\/nota\/wp-json\/wp\/v2\/posts"}],"about":[{"href":"https:\/\/radiowebmx.com\/nota\/wp-json\/wp\/v2\/types\/post"}],"author":[{"embeddable":true,"href":"https:\/\/radiowebmx.com\/nota\/wp-json\/wp\/v2\/users\/1"}],"replies":[{"embeddable":true,"href":"https:\/\/radiowebmx.com\/nota\/wp-json\/wp\/v2\/comments?post=13158"}],"version-history":[{"count":1,"href":"https:\/\/radiowebmx.com\/nota\/wp-json\/wp\/v2\/posts\/13158\/revisions"}],"predecessor-version":[{"id":13160,"href":"https:\/\/radiowebmx.com\/nota\/wp-json\/wp\/v2\/posts\/13158\/revisions\/13160"}],"wp:featuredmedia":[{"embeddable":true,"href":"https:\/\/radiowebmx.com\/nota\/wp-json\/wp\/v2\/media\/13159"}],"wp:attachment":[{"href":"https:\/\/radiowebmx.com\/nota\/wp-json\/wp\/v2\/media?parent=13158"}],"wp:term":[{"taxonomy":"category","embeddable":true,"href":"https:\/\/radiowebmx.com\/nota\/wp-json\/wp\/v2\/categories?post=13158"},{"taxonomy":"post_tag","embeddable":true,"href":"https:\/\/radiowebmx.com\/nota\/wp-json\/wp\/v2\/tags?post=13158"}],"curies":[{"name":"wp","href":"https:\/\/api.w.org\/{rel}","templated":true}]}}