{"id":13154,"date":"2015-02-04T11:37:42","date_gmt":"2015-02-04T17:37:42","guid":{"rendered":"https:\/\/radiowebmx.com\/nota\/?p=13154"},"modified":"2015-02-04T11:37:42","modified_gmt":"2015-02-04T17:37:42","slug":"rinden-homenaje-al-general-mariano-matamoros-a-201-an%cc%83os-de-su-muerte","status":"publish","type":"post","link":"https:\/\/radiowebmx.com\/nota\/rinden-homenaje-al-general-mariano-matamoros-a-201-an%cc%83os-de-su-muerte\/","title":{"rendered":"RINDEN HOMENAJE AL GENERAL MARIANO MATAMOROS, A 201 AN\u0303OS DE SU MUERTE"},"content":{"rendered":"<p>El presidente municipal de Morelia, Wilfrido L\u00e1zaro Medina, encabez\u00f3 las actividades c\u00edvicas conmemorativas con motivo del 201 aniversario luctuoso del general Mariano Matamoros, en la capital michoacana.<\/p>\n<p>&nbsp;<\/p>\n<p>En punto de las 8:00 horas, el alcalde capitalino, acompa\u00f1ado por el secretario de Educaci\u00f3n de la entidad, Armando Sep\u00falveda L\u00f3pez, y el gabinete municipal, izaron a media asta la Bandera nacional en la Plaza Melchor Ocampo, dando inicio al homenaje al insurgente.<\/p>\n<p>&nbsp;<\/p>\n<p>Posteriormente, en Bando Solemne, el cabido moreliano y representantes de los tres poderes de gobierno recorrieron calles del primer cuadro de la ciudad para depositar una ofrenda floral en el edificio donde el general estuvo preso, para posteriormente, arribar al portal que lleva su nombre y conmemorar un acto protocolario en conmemoraci\u00f3n de 201 a\u00f1o de su asesinato.<\/p>\n<p>&nbsp;<\/p>\n<p>L\u00e1zaro Medina presidi\u00f3 la ceremonia c\u00edvica a la que adem\u00e1s asisti\u00f3 el rector de la Universidad Michoacana de San Nicol\u00e1s de Hidalgo, Medardo Serna Gonz\u00e1lez y representantes del gobierno estatal y de la 21 Zona Militar.<\/p>\n<p>&nbsp;<\/p>\n<p>Jos\u00e9 Fab\u00edan Ruiz, director de la Casa Natal de Morelos, fue el encargado de dar el discurso oficial, haciendo referencia a la vida y obra del h\u00e9roe de la patria y su cercan\u00eda con el General\u00edsimo Don Jos\u00e9 Mar\u00eda Morelos y Pav\u00f3n.<\/p>\n<p>&nbsp;<\/p>\n<p>Al finalizar su intervenci\u00f3n, y por su destacada trayectoria profesional, Fab\u00edan Ruiz recibi\u00f3 de manos del L\u00e1zaro Medina, un reconocimiento en nombre de todos los morelianos.<\/p>\n<p>&nbsp;<\/p>\n<p>Los funcionarios depositaron una ofrenda floral y montaron guardia de honor en el lugar donde fue fusilado el insurgente hace 201 a\u00f1os.<\/p>\n<p>&nbsp;<\/p>\n<p>La ceremonia c\u00edvica culmin\u00f3 con la participaci\u00f3n musical del Cuarteto de Cuerdas de la UMSNH.<\/p>\n","protected":false},"excerpt":{"rendered":"<p>El presidente municipal de Morelia, Wilfrido L\u00e1zaro Medina, encabez\u00f3 las actividades c\u00edvicas conmemorativas con motivo del 201 aniversario luctuoso del general Mariano Matamoros, en la capital michoacana.<\/p>\n","protected":false},"author":1,"featured_media":13155,"comment_status":"open","ping_status":"open","sticky":false,"template":"","format":"standard","meta":{"footnotes":""},"categories":[14,9],"tags":[],"class_list":["post-13154","post","type-post","status-publish","format-standard","has-post-thumbnail","hentry","category-destacadas","category-morelia"],"_links":{"self":[{"href":"https:\/\/radiowebmx.com\/nota\/wp-json\/wp\/v2\/posts\/13154","targetHints":{"allow":["GET"]}}],"collection":[{"href":"https:\/\/radiowebmx.com\/nota\/wp-json\/wp\/v2\/posts"}],"about":[{"href":"https:\/\/radiowebmx.com\/nota\/wp-json\/wp\/v2\/types\/post"}],"author":[{"embeddable":true,"href":"https:\/\/radiowebmx.com\/nota\/wp-json\/wp\/v2\/users\/1"}],"replies":[{"embeddable":true,"href":"https:\/\/radiowebmx.com\/nota\/wp-json\/wp\/v2\/comments?post=13154"}],"version-history":[{"count":2,"href":"https:\/\/radiowebmx.com\/nota\/wp-json\/wp\/v2\/posts\/13154\/revisions"}],"predecessor-version":[{"id":13157,"href":"https:\/\/radiowebmx.com\/nota\/wp-json\/wp\/v2\/posts\/13154\/revisions\/13157"}],"wp:featuredmedia":[{"embeddable":true,"href":"https:\/\/radiowebmx.com\/nota\/wp-json\/wp\/v2\/media\/13155"}],"wp:attachment":[{"href":"https:\/\/radiowebmx.com\/nota\/wp-json\/wp\/v2\/media?parent=13154"}],"wp:term":[{"taxonomy":"category","embeddable":true,"href":"https:\/\/radiowebmx.com\/nota\/wp-json\/wp\/v2\/categories?post=13154"},{"taxonomy":"post_tag","embeddable":true,"href":"https:\/\/radiowebmx.com\/nota\/wp-json\/wp\/v2\/tags?post=13154"}],"curies":[{"name":"wp","href":"https:\/\/api.w.org\/{rel}","templated":true}]}}