{"id":13143,"date":"2015-02-04T11:19:24","date_gmt":"2015-02-04T17:19:24","guid":{"rendered":"https:\/\/radiowebmx.com\/nota\/?p=13143"},"modified":"2015-02-04T11:19:24","modified_gmt":"2015-02-04T17:19:24","slug":"toma-protesta-nueva-senadora-por-el-estado-de-sonora","status":"publish","type":"post","link":"https:\/\/radiowebmx.com\/nota\/toma-protesta-nueva-senadora-por-el-estado-de-sonora\/","title":{"rendered":"TOMA PROTESTA NUEVA SENADORA POR EL ESTADO DE SONORA"},"content":{"rendered":"<p>Anabel Acosta Islas rindi\u00f3 protesta ante el Pleno de la C\u00e1mara alta, como nueva senadora del PRI por el estado de Sonora, donde se desempe\u00f1aba como consultora de negocios, profesora de posgrado y emprendedora.<\/p>\n<p>&nbsp;<\/p>\n<p>La legisladora, quien es originaria de la ciudad de Obreg\u00f3n, sustituye en el esca\u00f1o del Partido Revolucionario Institucional, a Claudia Artemisa Pavlovich Arellano, designada precandidata a la gubernatura de Sonora.<\/p>\n<p>&nbsp;<\/p>\n<p>Acosta Islas es ingeniera industrial y de sistemas, y maestra en administraci\u00f3n por el Instituto Tecnol\u00f3gico de Sonora (ITSON). Cuenta con un diplomado en responsabilidad social empresarial por el Tec de Monterrey.<\/p>\n<p>&nbsp;<\/p>\n<p>Luego de la ceremonia protocolaria de toma de protesta, la nueva senadora priista recibi\u00f3 el apoyo y respaldo de los integrantes de su\u00a0 bancada y de otras fracciones parlamentarias.<\/p>\n<p>&nbsp;<\/p>\n<p>Adem\u00e1s, al igual que el presidente de la Mesa Directiva del senado, Miguel Barbosa, le desearon \u00e9xito en su trabajo legislativo.<\/p>\n","protected":false},"excerpt":{"rendered":"<p>Anabel Acosta Islas rindi\u00f3 protesta ante el Pleno de la C\u00e1mara alta, como nueva senadora del PRI por el estado de Sonora, donde se desempe\u00f1aba como consultora de negocios, profesora de posgrado y emprendedora.<\/p>\n","protected":false},"author":1,"featured_media":13144,"comment_status":"open","ping_status":"open","sticky":false,"template":"","format":"standard","meta":{"footnotes":""},"categories":[14],"tags":[],"class_list":["post-13143","post","type-post","status-publish","format-standard","has-post-thumbnail","hentry","category-destacadas"],"_links":{"self":[{"href":"https:\/\/radiowebmx.com\/nota\/wp-json\/wp\/v2\/posts\/13143","targetHints":{"allow":["GET"]}}],"collection":[{"href":"https:\/\/radiowebmx.com\/nota\/wp-json\/wp\/v2\/posts"}],"about":[{"href":"https:\/\/radiowebmx.com\/nota\/wp-json\/wp\/v2\/types\/post"}],"author":[{"embeddable":true,"href":"https:\/\/radiowebmx.com\/nota\/wp-json\/wp\/v2\/users\/1"}],"replies":[{"embeddable":true,"href":"https:\/\/radiowebmx.com\/nota\/wp-json\/wp\/v2\/comments?post=13143"}],"version-history":[{"count":1,"href":"https:\/\/radiowebmx.com\/nota\/wp-json\/wp\/v2\/posts\/13143\/revisions"}],"predecessor-version":[{"id":13145,"href":"https:\/\/radiowebmx.com\/nota\/wp-json\/wp\/v2\/posts\/13143\/revisions\/13145"}],"wp:featuredmedia":[{"embeddable":true,"href":"https:\/\/radiowebmx.com\/nota\/wp-json\/wp\/v2\/media\/13144"}],"wp:attachment":[{"href":"https:\/\/radiowebmx.com\/nota\/wp-json\/wp\/v2\/media?parent=13143"}],"wp:term":[{"taxonomy":"category","embeddable":true,"href":"https:\/\/radiowebmx.com\/nota\/wp-json\/wp\/v2\/categories?post=13143"},{"taxonomy":"post_tag","embeddable":true,"href":"https:\/\/radiowebmx.com\/nota\/wp-json\/wp\/v2\/tags?post=13143"}],"curies":[{"name":"wp","href":"https:\/\/api.w.org\/{rel}","templated":true}]}}