{"id":13133,"date":"2015-02-04T11:09:41","date_gmt":"2015-02-04T17:09:41","guid":{"rendered":"https:\/\/radiowebmx.com\/nota\/?p=13133"},"modified":"2015-02-04T11:09:41","modified_gmt":"2015-02-04T17:09:41","slug":"morelia-va-con-nacho-alvarado-en-precandidatura-de-unidad","status":"publish","type":"post","link":"https:\/\/radiowebmx.com\/nota\/morelia-va-con-nacho-alvarado-en-precandidatura-de-unidad\/","title":{"rendered":"Morelia va con Nacho Alvarado en precandidatura de unidad"},"content":{"rendered":"<p>En la conclusi\u00f3n de lo que ha sido una precampa\u00f1a de altura y civilidad en la que con el acompa\u00f1amiento de la dirigencia municipal los precandidatos al ayuntamiento moreliano han \u00a0visitado a los militantes para darles a conocer sus propuestas, el dirigente panista municipal, Juan Jos\u00e9 Ocampo Zizumbo, anunci\u00f3 que el Partido Acci\u00f3n Nacional (PAN) en Morelia ha decidido pasar de una planilla de unidad a una candidatura de unidad, toda vez que Julio C\u00e9sar Gonz\u00e1lez Jim\u00e9nez decidi\u00f3 ceder su aspiraci\u00f3n a favor de Ignacio Alvarado Laris.<\/p>\n<p>&nbsp;<\/p>\n<p>Lo anterior, destac\u00f3 el presidente del Comit\u00e9 Directivo Municipal, gracias a la gran unidad y fortaleza del panismo moreliano, as\u00ed como su capacidad para forjar acuerdos y un intenso trabajo por presentar la mejor opci\u00f3n para los morelianos, donde los militantes de la capital michoacana hicieron escuchar su entusiasmo en torno a impulsar un proyecto \u00fanico de cara a la ciudadan\u00eda.<\/p>\n<p>&nbsp;<\/p>\n<p>Ocampo Zizumbo indic\u00f3 que el periodo de precampa\u00f1as a ayuntamientos culmina este 3 de febrero como un gran ejercicio democr\u00e1tico y de mucho aprendizaje, tanto para este instituto pol\u00edtico como para el Instituto Electoral de Michoac\u00e1n (IEM), en su papel de garante en revisar el desarrollo de la contienda.<\/p>\n<p>&nbsp;<\/p>\n<p>Ahora, agreg\u00f3, la dirigencia panista municipal se abocar\u00e1 a la jornada electoral interna que se celebrar\u00e1 el pr\u00f3ximo 8 de febrero, en donde los m\u00e1s 2 mil 340 militantes morelianos acudir\u00e1n al centro de votaci\u00f3n que ser\u00e1 instalado en la Plaza Morelos de 10:00 a 16:00 horas para dar su aval a la propuesta encabezada por Ignacio Alvarado Laris.<\/p>\n<p>&nbsp;<\/p>\n<p>Por su parte, el ahora ex precandidato Julio C\u00e9sar Gonz\u00e1lez Jim\u00e9nez, confirm\u00f3 su decisi\u00f3n por sumarse como postulante a s\u00edndico dentro de la propuesta de Ignacio Alvarado Laris, convencido de que ser\u00e1 el mejor proyecto que reciba la ciudadan\u00eda moreliana impulsado por una gran fuerza panista unida por el ideal de materializar una plataforma que regrese a Morelia las mejores condiciones para su desarrollo.<\/p>\n<p>&nbsp;<\/p>\n<p>\u201cEn Acci\u00f3n Nacional sabemos ponernos de acuerdo, y en contraste con otras fuerzas pol\u00edticas en el PAN no hay desbandada, no hay resentimientos, lo que hay en el partido blanquiazul es trabajo, colaboraci\u00f3n y acuerdos que nos impulsar\u00e1n a trabajar de la mano con Nacho para ganar la presidencia municipal de Morelia, con la frente en alto y las manos limpias\u201d, asever\u00f3 el tambi\u00e9n del ex delegado del IMSS.<\/p>\n<p>&nbsp;<\/p>\n<p>Por su parte, el ahora precandidato panista de unidad por la alcald\u00eda de Morelia, Ignacio Alvarado Laris, agradeci\u00f3 a Julio C\u00e9sar Gonz\u00e1lez su generosidad, y consider\u00f3 de suma val\u00eda su acompa\u00f1amiento en la sindicatura \u201cporque es una persona con grandes capacidades, conocimiento y reconocimiento por propios y extra\u00f1os en su labor como funcionario p\u00fablico\u201d.<\/p>\n<p>&nbsp;<\/p>\n<p>De igual forma, el representante del PAN ante el IEM, Javier Mora Mart\u00ednez, manifest\u00f3 que el trabajo e \u00edmpetu que respaldan al blanquiazul le permitir\u00e1 \u00a0ganar a cualquiera de sus oponentes, por lo que se encuentran listos para iniciar la siguiente etapa con el registro de las candidaturas a gobernador, diputados y ayuntamientos ante los \u00f3rganos electorales a realizarse en marzo pr\u00f3ximo.<\/p>\n","protected":false},"excerpt":{"rendered":"<p>En la conclusi\u00f3n de lo que ha sido una precampa\u00f1a de altura y civilidad en la que con el acompa\u00f1amiento de la dirigencia municipal los precandidatos al ayuntamiento moreliano han  visitado a los militantes para darles a conocer sus propuestas, el dirigente panista municipal, <\/p>\n","protected":false},"author":1,"featured_media":13134,"comment_status":"open","ping_status":"open","sticky":false,"template":"","format":"standard","meta":{"footnotes":""},"categories":[14,13,11],"tags":[],"class_list":["post-13133","post","type-post","status-publish","format-standard","has-post-thumbnail","hentry","category-destacadas","category-pan","category-partidos-politicos"],"_links":{"self":[{"href":"https:\/\/radiowebmx.com\/nota\/wp-json\/wp\/v2\/posts\/13133","targetHints":{"allow":["GET"]}}],"collection":[{"href":"https:\/\/radiowebmx.com\/nota\/wp-json\/wp\/v2\/posts"}],"about":[{"href":"https:\/\/radiowebmx.com\/nota\/wp-json\/wp\/v2\/types\/post"}],"author":[{"embeddable":true,"href":"https:\/\/radiowebmx.com\/nota\/wp-json\/wp\/v2\/users\/1"}],"replies":[{"embeddable":true,"href":"https:\/\/radiowebmx.com\/nota\/wp-json\/wp\/v2\/comments?post=13133"}],"version-history":[{"count":1,"href":"https:\/\/radiowebmx.com\/nota\/wp-json\/wp\/v2\/posts\/13133\/revisions"}],"predecessor-version":[{"id":13135,"href":"https:\/\/radiowebmx.com\/nota\/wp-json\/wp\/v2\/posts\/13133\/revisions\/13135"}],"wp:featuredmedia":[{"embeddable":true,"href":"https:\/\/radiowebmx.com\/nota\/wp-json\/wp\/v2\/media\/13134"}],"wp:attachment":[{"href":"https:\/\/radiowebmx.com\/nota\/wp-json\/wp\/v2\/media?parent=13133"}],"wp:term":[{"taxonomy":"category","embeddable":true,"href":"https:\/\/radiowebmx.com\/nota\/wp-json\/wp\/v2\/categories?post=13133"},{"taxonomy":"post_tag","embeddable":true,"href":"https:\/\/radiowebmx.com\/nota\/wp-json\/wp\/v2\/tags?post=13133"}],"curies":[{"name":"wp","href":"https:\/\/api.w.org\/{rel}","templated":true}]}}