{"id":13089,"date":"2015-01-29T12:14:06","date_gmt":"2015-01-29T18:14:06","guid":{"rendered":"https:\/\/radiowebmx.com\/nota\/?p=13089"},"modified":"2015-01-29T12:14:06","modified_gmt":"2015-01-29T18:14:06","slug":"anuncia-wlm-la-creacion-de-la-direccion-de-asuntos-internacionales","status":"publish","type":"post","link":"https:\/\/radiowebmx.com\/nota\/anuncia-wlm-la-creacion-de-la-direccion-de-asuntos-internacionales\/","title":{"rendered":"ANUNCIA WLM LA CREACI\u00d3N DE LA DIRECCI\u00d3N DE ASUNTOS INTERNACIONALES"},"content":{"rendered":"<p>El presidente municipal de Morelia, Wilfrido L\u00e1zaro Medina, anunci\u00f3 la creaci\u00f3n de la Direcci\u00f3n de Asuntos Internacionales, \u00e1rea que entre otras funciones, generar\u00e1 y promover\u00e1 la cooperaci\u00f3n econ\u00f3mica, tecnol\u00f3gica, cultural, social, educativa y pol\u00edtica internacional para impulsar el desarrollo del municipio.<\/p>\n<p>&nbsp;<\/p>\n<p>Lo anterior fue expuesto dentro de su participaci\u00f3n en el Segundo M\u00f3dulo de Capacitaci\u00f3n de Acci\u00f3n Internacional de Gobiernos Locales que se lleva a cabo en el marco del Foro \u201cMejores Pr\u00e1cticas de Municipios Michoacanos en Temas de Internacionalizaci\u00f3n\u201d, celebrado en Casa de Gobierno del Estado.<\/p>\n<p>&nbsp;<\/p>\n<p>Esta nueva dependencia del gobierno municipal atender\u00e1 las dos formas de trabajo propuestas por la Secretar\u00eda de Relaciones Exteriores que son: Los Acuerdos Internacionales, es decir, los hermanamientos con otras ciudades y la funci\u00f3n de Redes Internacionales (Ciudad Educadora).<\/p>\n<p>&nbsp;<\/p>\n<p>Indic\u00f3 que Morelia, adem\u00e1s de ser Patrimonio Cultural de la Humanidad, que es su vocaci\u00f3n internacional m\u00e1s clara, la capital michoacana se ha convertido en Ciudad Educadora y en un a\u00f1o, logr\u00f3 sistematizar 90 acciones institucionales con sentido transversal educador.<\/p>\n<p>&nbsp;<\/p>\n<p>Frente a representantes de los 113 municipios de la entidad, muchos de ellos ediles y funcionarios, L\u00e1zaro Medina mostr\u00f3 las acciones y proyectos que han posicionado a Morelia ante los ojos del mundo, tales como eventos deportivos internacionales, actividades musicales, culturales y de cine.<\/p>\n<p>&nbsp;<\/p>\n<p>De manera especial, se refiri\u00f3 a los hermanamientos de la ciudad con regiones de Estados Unidos, Espa\u00f1a y Sudam\u00e9rica, entre otras.<\/p>\n<p>&nbsp;<\/p>\n<p>Wilfrido L\u00e1zaro Medina, presidente municipal de Morelia, comparti\u00f3 el panel con Gabriel Pita, presidente municipal de P\u00e1tzcuaro y Gabino Gonz\u00e1lez, s\u00edndico y encargado de despacho de la presidencia municipal de Uruapan, quienes tambi\u00e9n informaron los alcances que en materia de internacionalizaci\u00f3n han logrado ambas ciudades.<\/p>\n<p>&nbsp;<\/p>\n<p>Gabino Gonz\u00e1lez, coincidi\u00f3 en distintas ocasiones con el trabajo y proyecci\u00f3n que el gobierno de Wilfrido L\u00e1zaro Medina ha alcanzado para posicionar a Morelia ante el Mundo \u201cIgual que el presidente de Morelia, coincido en que es momento de hablar bien de todo el estado, son m\u00e1s cosas buenas las que suceden\u201d, afirm\u00f3.<\/p>\n<p>&nbsp;<\/p>\n<p>Adem\u00e1s, reconoci\u00f3 el trabajo que en materia educativa ha realizado el Ayuntamiento de Morelia, a lo que solicit\u00f3 al edil L\u00e1zaro Medina un hermanamiento especial con el municipio de Uruapan para que los estudiantes de esa regi\u00f3n puedan intercambiar experiencias con estudiantes y centros educativos de la capital michoacana \u201ctenemos todo el inter\u00e9s de Sumar Voluntades con el presidente Wilfrido L\u00e1zaro en favor de la educaci\u00f3n\u201d, finaliz\u00f3 el encargado de despacho de la Presidencia Municipal de Uruapan.<\/p>\n","protected":false},"excerpt":{"rendered":"<p>El presidente municipal de Morelia, Wilfrido L\u00e1zaro Medina, anunci\u00f3 la creaci\u00f3n de la Direcci\u00f3n de Asuntos Internacionales, \u00e1rea que entre otras funciones, generar\u00e1 y promover\u00e1 la cooperaci\u00f3n econ\u00f3mica, tecnol\u00f3gica, cultural, social, educativa y pol\u00edtica internacional para impulsar el desarrollo del municipio.<\/p>\n","protected":false},"author":1,"featured_media":13090,"comment_status":"open","ping_status":"open","sticky":false,"template":"","format":"standard","meta":{"footnotes":""},"categories":[14,9],"tags":[],"class_list":["post-13089","post","type-post","status-publish","format-standard","has-post-thumbnail","hentry","category-destacadas","category-morelia"],"_links":{"self":[{"href":"https:\/\/radiowebmx.com\/nota\/wp-json\/wp\/v2\/posts\/13089","targetHints":{"allow":["GET"]}}],"collection":[{"href":"https:\/\/radiowebmx.com\/nota\/wp-json\/wp\/v2\/posts"}],"about":[{"href":"https:\/\/radiowebmx.com\/nota\/wp-json\/wp\/v2\/types\/post"}],"author":[{"embeddable":true,"href":"https:\/\/radiowebmx.com\/nota\/wp-json\/wp\/v2\/users\/1"}],"replies":[{"embeddable":true,"href":"https:\/\/radiowebmx.com\/nota\/wp-json\/wp\/v2\/comments?post=13089"}],"version-history":[{"count":1,"href":"https:\/\/radiowebmx.com\/nota\/wp-json\/wp\/v2\/posts\/13089\/revisions"}],"predecessor-version":[{"id":13091,"href":"https:\/\/radiowebmx.com\/nota\/wp-json\/wp\/v2\/posts\/13089\/revisions\/13091"}],"wp:featuredmedia":[{"embeddable":true,"href":"https:\/\/radiowebmx.com\/nota\/wp-json\/wp\/v2\/media\/13090"}],"wp:attachment":[{"href":"https:\/\/radiowebmx.com\/nota\/wp-json\/wp\/v2\/media?parent=13089"}],"wp:term":[{"taxonomy":"category","embeddable":true,"href":"https:\/\/radiowebmx.com\/nota\/wp-json\/wp\/v2\/categories?post=13089"},{"taxonomy":"post_tag","embeddable":true,"href":"https:\/\/radiowebmx.com\/nota\/wp-json\/wp\/v2\/tags?post=13089"}],"curies":[{"name":"wp","href":"https:\/\/api.w.org\/{rel}","templated":true}]}}