{"id":13079,"date":"2015-01-29T12:06:57","date_gmt":"2015-01-29T18:06:57","guid":{"rendered":"https:\/\/radiowebmx.com\/nota\/?p=13079"},"modified":"2015-01-29T12:09:04","modified_gmt":"2015-01-29T18:09:04","slug":"rehabilita-ayuntamiento-centro-de-desarrollo-comunitario-en-sur-de-morelia","status":"publish","type":"post","link":"https:\/\/radiowebmx.com\/nota\/rehabilita-ayuntamiento-centro-de-desarrollo-comunitario-en-sur-de-morelia\/","title":{"rendered":"REHABILITA AYUNTAMIENTO CENTRO DE DESARROLLO COMUNITARIO EN SUR DE MORELIA"},"content":{"rendered":"<p><b>\u00a0<\/b>Gracias a la Suma de Voluntades del Ayuntamiento que preside Wilfrido L\u00e1zaro Medina, con el Gobierno de la Rep\u00fablica, encabezado por Enrique Pe\u00f1a Nieto, la Secretar\u00eda de Obras P\u00fablicas municipal realiza la rehabilitaci\u00f3n del Centro de Desarrollo Comunitario ubicado en la zona sure\u00f1a de Morelia, misma que actualmente presenta un 90 por ciento de avance.<\/p>\n<p>&nbsp;<\/p>\n<p>El rescate del espacio p\u00fablico, que se encuentra en la colonia Colinas del Sur, ha sido posible con la aplicaci\u00f3n de m\u00e1s de 4.3 millones de pesos, aportados a un fondo com\u00fan del municipio y la federaci\u00f3n, en un 30 y 70 por ciento, respectivamente, para la construcci\u00f3n de dos aulas de capacitaci\u00f3n y formaci\u00f3n comunitaria, la mejora de un \u00e1rea especial de juegos infantiles y adoquines que garantizan su seguridad.<\/p>\n<p>&nbsp;<\/p>\n<p>Adem\u00e1s, el lugar contar\u00e1 con nuevos jardines que ser\u00e1n reforestados y regados con un sistema automatizado, que permitir\u00e1 a la administraci\u00f3n local ahorrar agua y dinero, al evitar gastos adicionales en mantenimiento.<\/p>\n<p>&nbsp;<\/p>\n<p>\u201cEste tipo de acciones hacen de Morelia un municipio m\u00e1s solidario, porque as\u00ed como las ni\u00f1as y los ni\u00f1os pueden divertirse y aprender a cuidar su medio ambiente, tambi\u00e9n los j\u00f3venes y adultos disfrutaremos el Centro de Desarrollo Comunitario, al dar una vuelta por el kiosco o aprovechar alg\u00fan taller\u201d, coment\u00f3 el edil moreliano.<\/p>\n<p>&nbsp;<\/p>\n<p>El Centro de Desarrollo Comunitario tendr\u00e1 tambi\u00e9n un huerto experimental, con la intenci\u00f3n de fomentar en la poblaci\u00f3n la cultura de preservaci\u00f3n ambiental, que ser\u00e1 cercado con una barda perimetral de concreto y acero, para seguridad de los usuarios. Finalmente, a fin de contribuir a la reconstrucci\u00f3n del tejido social, se habilit\u00f3 un kiosco con luminarias y andadores adoquinados donde los ciudadanos habr\u00e1n de pasear y convivir en un entorno de sano esparcimiento.<\/p>\n<p>&nbsp;<\/p>\n<p>La obra culmina el esfuerzo conjunto que ambos niveles gubernamentales efect\u00faan para recobrar la confianza vecinal y recuperar los sitios que pertenecen a la ciudadan\u00eda.<\/p>\n","protected":false},"excerpt":{"rendered":"<p> Gracias a la Suma de Voluntades del Ayuntamiento que preside Wilfrido L\u00e1zaro Medina, con el Gobierno de la Rep\u00fablica, encabezado por Enrique Pe\u00f1a Nieto, la Secretar\u00eda de Obras P\u00fablicas municipal realiza la rehabilitaci\u00f3n del Centro de Desarrollo Comunitario ubicado en la zona sure\u00f1a de Morelia, <\/p>\n","protected":false},"author":1,"featured_media":13080,"comment_status":"open","ping_status":"open","sticky":false,"template":"","format":"standard","meta":{"footnotes":""},"categories":[14,9],"tags":[],"class_list":["post-13079","post","type-post","status-publish","format-standard","has-post-thumbnail","hentry","category-destacadas","category-morelia"],"_links":{"self":[{"href":"https:\/\/radiowebmx.com\/nota\/wp-json\/wp\/v2\/posts\/13079","targetHints":{"allow":["GET"]}}],"collection":[{"href":"https:\/\/radiowebmx.com\/nota\/wp-json\/wp\/v2\/posts"}],"about":[{"href":"https:\/\/radiowebmx.com\/nota\/wp-json\/wp\/v2\/types\/post"}],"author":[{"embeddable":true,"href":"https:\/\/radiowebmx.com\/nota\/wp-json\/wp\/v2\/users\/1"}],"replies":[{"embeddable":true,"href":"https:\/\/radiowebmx.com\/nota\/wp-json\/wp\/v2\/comments?post=13079"}],"version-history":[{"count":4,"href":"https:\/\/radiowebmx.com\/nota\/wp-json\/wp\/v2\/posts\/13079\/revisions"}],"predecessor-version":[{"id":13085,"href":"https:\/\/radiowebmx.com\/nota\/wp-json\/wp\/v2\/posts\/13079\/revisions\/13085"}],"wp:featuredmedia":[{"embeddable":true,"href":"https:\/\/radiowebmx.com\/nota\/wp-json\/wp\/v2\/media\/13080"}],"wp:attachment":[{"href":"https:\/\/radiowebmx.com\/nota\/wp-json\/wp\/v2\/media?parent=13079"}],"wp:term":[{"taxonomy":"category","embeddable":true,"href":"https:\/\/radiowebmx.com\/nota\/wp-json\/wp\/v2\/categories?post=13079"},{"taxonomy":"post_tag","embeddable":true,"href":"https:\/\/radiowebmx.com\/nota\/wp-json\/wp\/v2\/tags?post=13079"}],"curies":[{"name":"wp","href":"https:\/\/api.w.org\/{rel}","templated":true}]}}