{"id":13076,"date":"2015-01-29T12:05:21","date_gmt":"2015-01-29T18:05:21","guid":{"rendered":"https:\/\/radiowebmx.com\/nota\/?p=13076"},"modified":"2015-01-29T12:05:21","modified_gmt":"2015-01-29T18:05:21","slug":"recibe-dif-morelia-becas-federales-y-equipamiento","status":"publish","type":"post","link":"https:\/\/radiowebmx.com\/nota\/recibe-dif-morelia-becas-federales-y-equipamiento\/","title":{"rendered":"RECIBE DIF MORELIA BECAS FEDERALES Y EQUIPAMIENTO"},"content":{"rendered":"<p>El Comit\u00e9 para el Desarrollo Integral de la Familia (DIF) de Morelia, presidido por la se\u00f1ora Margarita Oribio de L\u00e1zaro, recibi\u00f3 30 becas federales y equipamiento por conducto del sistema DIF de Michoac\u00e1n, a cargo de Catherine Rose Ettinger McEnulty.<\/p>\n<p><b>\u00a0<\/b><\/p>\n<p>Los apoyos econ\u00f3micos, de 2 mil pesos cada uno, ser\u00e1n entregados a beneficiarios del Programa de Atenci\u00f3n a Menores y Adolescentes en Riesgo (PAMAR), con el objetivo de contribuir a la reducci\u00f3n de los \u00edndices de deserci\u00f3n escolar, mientras que los equipos fueron destinados a Centros Comunitarios de Protecci\u00f3n a la Infancia (CCPI) y de Desarrollo y Participaci\u00f3n para Ni\u00f1as, Ni\u00f1os y Adolescentes.<\/p>\n<p>&nbsp;<\/p>\n<p>As\u00ed, en una Suma de Voluntades, los tres niveles de gobierno trabajan para consolidar un Morelia Solidario, a favor de los sectores que m\u00e1s lo necesitan.<\/p>\n","protected":false},"excerpt":{"rendered":"<p>El Comit\u00e9 para el Desarrollo Integral de la Familia (DIF) de Morelia, presidido por la se\u00f1ora Margarita Oribio de L\u00e1zaro, recibi\u00f3 30 becas federales y equipamiento por conducto del sistema DIF de Michoac\u00e1n, a cargo de Catherine Rose Ettinger McEnulty.<\/p>\n","protected":false},"author":1,"featured_media":13077,"comment_status":"open","ping_status":"open","sticky":false,"template":"","format":"standard","meta":{"footnotes":""},"categories":[14,9],"tags":[],"class_list":["post-13076","post","type-post","status-publish","format-standard","has-post-thumbnail","hentry","category-destacadas","category-morelia"],"_links":{"self":[{"href":"https:\/\/radiowebmx.com\/nota\/wp-json\/wp\/v2\/posts\/13076","targetHints":{"allow":["GET"]}}],"collection":[{"href":"https:\/\/radiowebmx.com\/nota\/wp-json\/wp\/v2\/posts"}],"about":[{"href":"https:\/\/radiowebmx.com\/nota\/wp-json\/wp\/v2\/types\/post"}],"author":[{"embeddable":true,"href":"https:\/\/radiowebmx.com\/nota\/wp-json\/wp\/v2\/users\/1"}],"replies":[{"embeddable":true,"href":"https:\/\/radiowebmx.com\/nota\/wp-json\/wp\/v2\/comments?post=13076"}],"version-history":[{"count":1,"href":"https:\/\/radiowebmx.com\/nota\/wp-json\/wp\/v2\/posts\/13076\/revisions"}],"predecessor-version":[{"id":13078,"href":"https:\/\/radiowebmx.com\/nota\/wp-json\/wp\/v2\/posts\/13076\/revisions\/13078"}],"wp:featuredmedia":[{"embeddable":true,"href":"https:\/\/radiowebmx.com\/nota\/wp-json\/wp\/v2\/media\/13077"}],"wp:attachment":[{"href":"https:\/\/radiowebmx.com\/nota\/wp-json\/wp\/v2\/media?parent=13076"}],"wp:term":[{"taxonomy":"category","embeddable":true,"href":"https:\/\/radiowebmx.com\/nota\/wp-json\/wp\/v2\/categories?post=13076"},{"taxonomy":"post_tag","embeddable":true,"href":"https:\/\/radiowebmx.com\/nota\/wp-json\/wp\/v2\/tags?post=13076"}],"curies":[{"name":"wp","href":"https:\/\/api.w.org\/{rel}","templated":true}]}}