{"id":13045,"date":"2015-01-28T12:15:40","date_gmt":"2015-01-28T18:15:40","guid":{"rendered":"https:\/\/radiowebmx.com\/nota\/?p=13045"},"modified":"2015-01-28T12:15:40","modified_gmt":"2015-01-28T18:15:40","slug":"habitantes-de-la-comunidad-de-cherangueran-que-mantenian-bloqueada-la-carretera-uruapan-paracho","status":"publish","type":"post","link":"https:\/\/radiowebmx.com\/nota\/habitantes-de-la-comunidad-de-cherangueran-que-mantenian-bloqueada-la-carretera-uruapan-paracho\/","title":{"rendered":"Habitantes de la comunidad de Cheranguer\u00e1n que manten\u00edan bloqueada la carretera Uruapan-Paracho"},"content":{"rendered":"<p>Habitantes de la comunidad de Cheranguer\u00e1n que manten\u00edan bloqueada la carretera Uruapan-Paracho, acordaron permitir el libre tr\u00e1nsito despu\u00e9s de que personal de la Secretar\u00eda de Gobierno del estado mediara para que se instalara una mesa de di\u00e1logo con autoridades del Ayuntamiento de Uruapan.<\/p>\n<p>Desde el inicio de la manifestaci\u00f3n, Daniel Cuadra, encargado de vinculaci\u00f3n de la Secretar\u00eda de Gobierno en la regi\u00f3n, inici\u00f3 el di\u00e1logo con los inconformes para escuchar sus demandas,\u00a0 concernientes al cumplimiento de compromisos de obra p\u00fablica asumidos por el Ayuntamiento de Uruapan.<\/p>\n<p>Alrededor de 60 personas bloquearon la referida carretera para exigir que sea concluida la construcci\u00f3n de un dispensario m\u00e9dico, adem\u00e1s de mejoras a una escuela p\u00fablica y la edificaci\u00f3n de una iglesia; el enviado de la Secretar\u00eda de\u00a0 Gobierno los exhort\u00f3 a privilegiar el di\u00e1logo en busca de respuesta a sus demandas, por lo que se integr\u00f3 una comitiva que fue recibida por autoridades del Ayuntamiento de Uruapan.<\/p>\n","protected":false},"excerpt":{"rendered":"<p>Habitantes de la comunidad de Cheranguer\u00e1n que manten\u00edan bloqueada la carretera Uruapan-Paracho, acordaron permitir el libre tr\u00e1nsito despu\u00e9s de que personal de la Secretar\u00eda de Gobierno del estado mediara para que se instalara una mesa de di\u00e1logo con autoridades del Ayuntamiento de Uruapan.<\/p>\n","protected":false},"author":1,"featured_media":0,"comment_status":"open","ping_status":"open","sticky":false,"template":"","format":"standard","meta":{"footnotes":""},"categories":[3],"tags":[],"class_list":["post-13045","post","type-post","status-publish","format-standard","hentry","category-gobierno-del-estado-de-michoacan"],"_links":{"self":[{"href":"https:\/\/radiowebmx.com\/nota\/wp-json\/wp\/v2\/posts\/13045","targetHints":{"allow":["GET"]}}],"collection":[{"href":"https:\/\/radiowebmx.com\/nota\/wp-json\/wp\/v2\/posts"}],"about":[{"href":"https:\/\/radiowebmx.com\/nota\/wp-json\/wp\/v2\/types\/post"}],"author":[{"embeddable":true,"href":"https:\/\/radiowebmx.com\/nota\/wp-json\/wp\/v2\/users\/1"}],"replies":[{"embeddable":true,"href":"https:\/\/radiowebmx.com\/nota\/wp-json\/wp\/v2\/comments?post=13045"}],"version-history":[{"count":2,"href":"https:\/\/radiowebmx.com\/nota\/wp-json\/wp\/v2\/posts\/13045\/revisions"}],"predecessor-version":[{"id":13047,"href":"https:\/\/radiowebmx.com\/nota\/wp-json\/wp\/v2\/posts\/13045\/revisions\/13047"}],"wp:attachment":[{"href":"https:\/\/radiowebmx.com\/nota\/wp-json\/wp\/v2\/media?parent=13045"}],"wp:term":[{"taxonomy":"category","embeddable":true,"href":"https:\/\/radiowebmx.com\/nota\/wp-json\/wp\/v2\/categories?post=13045"},{"taxonomy":"post_tag","embeddable":true,"href":"https:\/\/radiowebmx.com\/nota\/wp-json\/wp\/v2\/tags?post=13045"}],"curies":[{"name":"wp","href":"https:\/\/api.w.org\/{rel}","templated":true}]}}