{"id":13035,"date":"2015-01-28T12:03:16","date_gmt":"2015-01-28T18:03:16","guid":{"rendered":"https:\/\/radiowebmx.com\/nota\/?p=13035"},"modified":"2015-01-28T12:03:16","modified_gmt":"2015-01-28T18:03:16","slug":"salvador-jara-estrecha-acercamiento-con-los-ayuntamientos-michoacanos","status":"publish","type":"post","link":"https:\/\/radiowebmx.com\/nota\/salvador-jara-estrecha-acercamiento-con-los-ayuntamientos-michoacanos\/","title":{"rendered":"SALVADOR JARA ESTRECHA ACERCAMIENTO CON LOS AYUNTAMIENTOS MICHOACANOS"},"content":{"rendered":"<p>El gobierno estatal redobla esfuerzos para garantizar orden, transparencia y un sano ejercicio de los recursos p\u00fablicos etiquetados, pues se pretende heredar a las siguientes autoridades una\u00a0 administraci\u00f3n sana y ayuntamientos sin deuda, afirm\u00f3 el gobernador de Michoac\u00e1n, Salvador Jara Guerrero, durante la reuni\u00f3n que sostuvo con Rogelio Ortega Camargo, presidente municipal de L\u00e1zaro C\u00e1rdenas.<\/p>\n<p>Luego de que el alcalde y regidores plantearon las problem\u00e1ticas, necesidades y logros m\u00e1s importantes alcanzados en dicha regi\u00f3n, el mandatario reiter\u00f3 que los ediles cuentan con todo su apoyo y respaldo para la b\u00fasqueda de soluciones a los conflictos existentes, puesto que los habitantes del estado demandan acciones concretas por parte de sus autoridades en los distintos niveles.<\/p>\n<p>En este contexto, Jara Guerrero subray\u00f3 que es necesario fortalecer el trabajo conjunto\u00a0 con las alcald\u00edas, a fin de generar estrategias que permitan detonar el desarrollo de los 113 municipios en los rubros de econom\u00eda, seguridad,\u00a0 generaci\u00f3n de empleos, educaci\u00f3n, obra p\u00fablica y salud, por mencionar algunos.<\/p>\n<p>\u201cLas puertas de Casa de Gobierno y de Palacio siempre estar\u00e1n abiertas para todos los presidentes municipales y deben tener la seguridad de que ser\u00e1n escuchados por m\u00ed y por todos los funcionarios que forman parte del Gabinete; es poco el tiempo que nos resta, pero no bajaremos la guardia para cumplir las metas trazadas y entregar los mejores resultados hasta el \u00faltimo d\u00eda de nuestro periodo\u201d, enfatiz\u00f3 el titular del Ejecutivo de Michoac\u00e1n.<\/p>\n<p>Por su parte, el presidente municipal de L\u00e1zaro C\u00e1rdenas, Rogelio Ortega Camargo, agradeci\u00f3 al gobernador por las gestiones realizadas ante\u00a0 la Secretar\u00eda de Finanzas y Administraci\u00f3n para la firma de un convenio de desplazamiento de deuda de impuestos por 36 millones de pesos a 36 meses, con lo que dijo, habr\u00e1 una mayor capacidad de operaci\u00f3n en dicho ayuntamiento.<\/p>\n<p>\u201cTanto los regidores como yo nos vamos satisfechos con el recibimiento que nos dio el se\u00f1or gobernador, quien nos ha brindado su apoyo para resolver el tema del adeudo que tiene el municipio de L\u00e1zaro C\u00e1rdenas con el Gobierno del Estado, as\u00ed como cuestiones relacionadas con el Fonden y reencarpetamiento de vialidades\u201d, finaliz\u00f3.<\/p>\n<p>En la reuni\u00f3n tambi\u00e9n estuvieron presentes los regidores Daniel Barrag\u00e1n, Leopoldo Far\u00edas y Felipe Mart\u00ednez; as\u00ed como el tesorero del Ayuntamiento de L\u00e1zaro C\u00e1rdenas,\u00a0 Jes\u00fas Soberano Ram\u00edrez y Jes\u00fas Santill\u00e1n, secretario Auxiliar del Despacho del Gobernador.<\/p>\n","protected":false},"excerpt":{"rendered":"<p>El gobierno estatal redobla esfuerzos para garantizar orden, transparencia y un sano ejercicio de los recursos p\u00fablicos etiquetados, pues se pretende heredar a las siguientes autoridades una  administraci\u00f3n sana y ayuntamientos sin deuda, afirm\u00f3 el gobernador de Michoac\u00e1n, Salvador Jara Guerrero, <\/p>\n","protected":false},"author":1,"featured_media":13036,"comment_status":"open","ping_status":"open","sticky":false,"template":"","format":"standard","meta":{"footnotes":""},"categories":[14,3],"tags":[],"class_list":["post-13035","post","type-post","status-publish","format-standard","has-post-thumbnail","hentry","category-destacadas","category-gobierno-del-estado-de-michoacan"],"_links":{"self":[{"href":"https:\/\/radiowebmx.com\/nota\/wp-json\/wp\/v2\/posts\/13035","targetHints":{"allow":["GET"]}}],"collection":[{"href":"https:\/\/radiowebmx.com\/nota\/wp-json\/wp\/v2\/posts"}],"about":[{"href":"https:\/\/radiowebmx.com\/nota\/wp-json\/wp\/v2\/types\/post"}],"author":[{"embeddable":true,"href":"https:\/\/radiowebmx.com\/nota\/wp-json\/wp\/v2\/users\/1"}],"replies":[{"embeddable":true,"href":"https:\/\/radiowebmx.com\/nota\/wp-json\/wp\/v2\/comments?post=13035"}],"version-history":[{"count":1,"href":"https:\/\/radiowebmx.com\/nota\/wp-json\/wp\/v2\/posts\/13035\/revisions"}],"predecessor-version":[{"id":13037,"href":"https:\/\/radiowebmx.com\/nota\/wp-json\/wp\/v2\/posts\/13035\/revisions\/13037"}],"wp:featuredmedia":[{"embeddable":true,"href":"https:\/\/radiowebmx.com\/nota\/wp-json\/wp\/v2\/media\/13036"}],"wp:attachment":[{"href":"https:\/\/radiowebmx.com\/nota\/wp-json\/wp\/v2\/media?parent=13035"}],"wp:term":[{"taxonomy":"category","embeddable":true,"href":"https:\/\/radiowebmx.com\/nota\/wp-json\/wp\/v2\/categories?post=13035"},{"taxonomy":"post_tag","embeddable":true,"href":"https:\/\/radiowebmx.com\/nota\/wp-json\/wp\/v2\/tags?post=13035"}],"curies":[{"name":"wp","href":"https:\/\/api.w.org\/{rel}","templated":true}]}}