{"id":13032,"date":"2015-01-28T11:59:49","date_gmt":"2015-01-28T17:59:49","guid":{"rendered":"https:\/\/radiowebmx.com\/nota\/?p=13032"},"modified":"2015-01-28T11:59:49","modified_gmt":"2015-01-28T17:59:49","slug":"se-instala-grupo-de-coordinacion-michoacan-para-fortalecer-la-estrategia-de-seguridad-en-la-entidad","status":"publish","type":"post","link":"https:\/\/radiowebmx.com\/nota\/se-instala-grupo-de-coordinacion-michoacan-para-fortalecer-la-estrategia-de-seguridad-en-la-entidad\/","title":{"rendered":"SE INSTALA GRUPO DE COORDINACI\u00d3N MICHOAC\u00c1N, PARA FORTALECER LA ESTRATEGIA DE SEGURIDAD EN LA ENTIDAD"},"content":{"rendered":"<p>El Gobierno del Estado informa que el d\u00eda de hoy se formaliz\u00f3 la instalaci\u00f3n del Grupo de Coordinaci\u00f3n Michoac\u00e1n, instancia responsable de direccionar los esfuerzos operativos de car\u00e1cter interinstitucional a nivel federal, estatal y municipal, dentro del marco del Sistema Nacional de Seguridad P\u00fablica.<\/p>\n<p>La reuni\u00f3n estuvo presidida por el gobernador del estado, Salvador Jara Guerrero y cont\u00f3 con la participaci\u00f3n del general Felipe Gurrola Ram\u00edrez, designado por el Gobierno de la Rep\u00fablica como mando especial para la seguridad, as\u00ed como el almirante Arturo David Lendeche Sof\u00e1n, comandante de la Sexta Regi\u00f3n Naval Militar.<\/p>\n<p>Cabe destacar que el general Felipe Gurrola Ram\u00edrez y el delegado de la Secretar\u00eda de Gobernaci\u00f3n que en su momento nombre dicha dependencia, no sustituyen al Comisionado para la Seguridad y el Desarrollo Integral de Michoac\u00e1n, quien concluy\u00f3 plenamente sus funciones el 22 de enero del presente a\u00f1o.<\/p>\n<p>Ante esto, el Gobierno del Estado asume plenamente las responsabilidades concernientes a las cuerpos estatales de seguridad y en el caso de las fuerzas federales, ser\u00e1n coordinadas por el mando especial Felipe Gurrola Ram\u00edrez; el Grupo de Coordinaci\u00f3n Michoac\u00e1n es el mecanismo id\u00f3neo para normalizar el funcionamiento de las dependencias locales, dentro del marco legal, y con apoyo del Gobierno de la Rep\u00fablica.<\/p>\n<p>El Grupo de Coordinaci\u00f3n est\u00e1 integrado a nivel local por el secretario de Gobierno, Jaime Esparza Cortina; el procurador General de Justicia (PGJE), Mart\u00edn Godoy Castro; el secretario de Seguridad P\u00fablica (SSP), Javier Ocampo Garc\u00eda, as\u00ed como representantes de los municipios.<\/p>\n<p>Por parte de la federaci\u00f3n participan el general Jos\u00e9 Francisco Morales C\u00e1zares, comandante de la XXI Zona Militar; el general Jos\u00e9 Candelario Jaime Contreras L\u00f3pez, comandante de la 43 Zona Militar; el vicealmirante Alfredo Morales Mendoza, comandante de la D\u00e9cima Zona Naval Militar y el vicealmirante Vicente Arturo Casta\u00f1\u00f3n Zamacona, comandante de la Fuerza Naval del Pac\u00edfico.<\/p>\n<p>As\u00ed tambi\u00e9n, la delegada de la Procuradur\u00eda General de la Rep\u00fablica (PGR), Berta Paredes Gardu\u00f1o; Israel Galv\u00e1n Jaimes, comisario Estatal de la Polic\u00eda Federal (PF) y Rogelio Caballero Meraz, delegado de la Secretar\u00eda de Gobernaci\u00f3n (SEGOB). La secretar\u00eda t\u00e9cnica recae en el delegado del Centro de Investigaci\u00f3n y Seguridad Nacional (CISEN), Armando Del R\u00edo Leal.<\/p>\n<p>Una de las prioridades de este grupo ser\u00e1 concluir el desmantelamiento del grupo delictivo denominado \u201cLos Caballeros Templarios\u201d, que si bien ya no tiene una presencia hegem\u00f3nica, contin\u00faan algunos reductos y algunos l\u00edderes, como Servando G\u00f3mez Mart\u00ednez, alias \u201cLa Tuta\u201d y otros, quienes deber\u00e1n ser detenidos.<\/p>\n<p>Dentro de los acuerdos, tomados el d\u00eda de hoy, se tiene contemplado convocar a la sociedad civil organizada para llevar a cabo foros de consulta en materia de seguridad en toda la geograf\u00eda estatal, orientados a grupos espec\u00edficos de la sociedad como empresarios, ganaderos, intelectuales, agricultores y obreros, entre otros. As\u00ed mismo, se llevar\u00e1n a cabo estos foros en los municipios, en cuyo caso se tratar\u00e1n asuntos regionales.<\/p>\n<p>En concordancia con lo expresado por el secretario de Gobernaci\u00f3n, Miguel \u00c1ngel Osorio Chong, el pasado 22 de enero, el gobernador del estado, el mando especial de seguridad para Michoac\u00e1n y los representantes de las dependencias de los tres niveles de gobierno, se comprometieron a continuar trabajando para que Michoac\u00e1n siga avanzando, de acuerdo a las directrices del Ejecutivo Federal, en fortalecer a sus instituciones y mejorar las condiciones de seguridad en la entidad, en beneficio de la sociedad.<\/p>\n<p>En este sentido, se continuar\u00e1 trabajando para dar cumplimiento al eje rector \u201cM\u00e9xico en Paz\u201d del gobierno del presidente de la Rep\u00fablica, a fin de facilitar el desarrollo integral y la recomposici\u00f3n del tejido social.<\/p>\n","protected":false},"excerpt":{"rendered":"<p>El Gobierno del Estado informa que el d\u00eda de hoy se formaliz\u00f3 la instalaci\u00f3n del Grupo de Coordinaci\u00f3n Michoac\u00e1n, instancia responsable de direccionar los esfuerzos operativos de car\u00e1cter interinstitucional a nivel federal, estatal y municipal, dentro del marco del Sistema Nacional de Seguridad P\u00fablica.<\/p>\n","protected":false},"author":1,"featured_media":13033,"comment_status":"open","ping_status":"open","sticky":false,"template":"","format":"standard","meta":{"footnotes":""},"categories":[14,3],"tags":[],"class_list":["post-13032","post","type-post","status-publish","format-standard","has-post-thumbnail","hentry","category-destacadas","category-gobierno-del-estado-de-michoacan"],"_links":{"self":[{"href":"https:\/\/radiowebmx.com\/nota\/wp-json\/wp\/v2\/posts\/13032","targetHints":{"allow":["GET"]}}],"collection":[{"href":"https:\/\/radiowebmx.com\/nota\/wp-json\/wp\/v2\/posts"}],"about":[{"href":"https:\/\/radiowebmx.com\/nota\/wp-json\/wp\/v2\/types\/post"}],"author":[{"embeddable":true,"href":"https:\/\/radiowebmx.com\/nota\/wp-json\/wp\/v2\/users\/1"}],"replies":[{"embeddable":true,"href":"https:\/\/radiowebmx.com\/nota\/wp-json\/wp\/v2\/comments?post=13032"}],"version-history":[{"count":1,"href":"https:\/\/radiowebmx.com\/nota\/wp-json\/wp\/v2\/posts\/13032\/revisions"}],"predecessor-version":[{"id":13034,"href":"https:\/\/radiowebmx.com\/nota\/wp-json\/wp\/v2\/posts\/13032\/revisions\/13034"}],"wp:featuredmedia":[{"embeddable":true,"href":"https:\/\/radiowebmx.com\/nota\/wp-json\/wp\/v2\/media\/13033"}],"wp:attachment":[{"href":"https:\/\/radiowebmx.com\/nota\/wp-json\/wp\/v2\/media?parent=13032"}],"wp:term":[{"taxonomy":"category","embeddable":true,"href":"https:\/\/radiowebmx.com\/nota\/wp-json\/wp\/v2\/categories?post=13032"},{"taxonomy":"post_tag","embeddable":true,"href":"https:\/\/radiowebmx.com\/nota\/wp-json\/wp\/v2\/tags?post=13032"}],"curies":[{"name":"wp","href":"https:\/\/api.w.org\/{rel}","templated":true}]}}