{"id":13026,"date":"2015-01-28T11:55:02","date_gmt":"2015-01-28T17:55:02","guid":{"rendered":"https:\/\/radiowebmx.com\/nota\/?p=13026"},"modified":"2015-01-28T11:55:02","modified_gmt":"2015-01-28T17:55:02","slug":"imde-y-cecufid-suman-voluntades","status":"publish","type":"post","link":"https:\/\/radiowebmx.com\/nota\/imde-y-cecufid-suman-voluntades\/","title":{"rendered":"IMDE Y CECUFID SUMAN VOLUNTADES"},"content":{"rendered":"<p>El<b>\u00a0<\/b>Instituto Municipal de Cultura F\u00edsica y Deporte (IMDE), sumar\u00e1 \u00a0voluntades con la Comisi\u00f3n Estatal de Cultura F\u00edsica y Deporte (CECUFID) con el objetivo de realizar, este a\u00f1o, 13 eventos tanto nacionales como internacionales, que forman parte del Plan Michoac\u00e1n 2015.<\/p>\n<p>Parte de la estrategia implementada por el alcalde de Morelia, Wilfrido L\u00e1zaro Medina, es la constante suma de esfuerzos entre diversos sectores e instancias de gobierno, y trav\u00e9s de la visi\u00f3n de Miguel \u00c1ngel Garc\u00eda Meza, director general del IMDE, se ha logrado posicionar a la ciudad como la \u201cCapital Nacional del Deporte\u201d, y m\u00e1xime ahora que se trabajar\u00e1 en conjunto con la CECUFID, para beneficio de la propia sociedad michoacana.<\/p>\n<p>Desde el 4 de febrero de 2014, el gobierno federal aplica el Plan Michoac\u00e1n, que marca como objetivo el desarrollo de la entidad en todas sus aristas; en materia deportiva esta acci\u00f3n es desarrollada por la Comisi\u00f3n Nacional de Cultura F\u00edsica y Deporte (CONADE), quien delega recursos tanto a la CECUFID como al IMDE, para realizar competencias, congresos o seriales deportivos.<\/p>\n<p>\u201cSon reglas de operaci\u00f3n que se est\u00e1n realizando con la CONADE, ellos son los que llevan de primera mano la ejecuci\u00f3n del Plan Michoac\u00e1n, en ordenarlo hacia el estado y de ah\u00ed a los municipios. Nosotros estaremos muy atentos en las reglas de coordinaci\u00f3n institucional. Existe muy buena voluntad de ambas partes, es decir, entre nosotros y la CECUFID\u201d, asegur\u00f3 el titular del IMDE, Miguel \u00c1ngel Garc\u00eda Meza.<\/p>\n<p>\u201cVamos a trabajar al igual que el a\u00f1o anterior de manera conjunta con el municipio de Morelia, tenemos muchas actividades que este a\u00f1o vamos a realizar. La intenci\u00f3n es que podamos llegar al mayor n\u00famero de michoacanos con este tipo de actividades deportivas y dejar sembrada una semilla en los ni\u00f1os, con la intenci\u00f3n de ser formados en el \u00e1rea de deporte\u201d, apunt\u00f3 la directora general de la CECUFID, Ruth Huipe Estrada.<\/p>\n<p>El a\u00f1o pasado se realizaron 12 eventos de car\u00e1cter deportivo dentro del Pan Michoac\u00e1n; algunos de ellos fueron: el VII Campeonato Mundial de Nataci\u00f3n para Personas con S\u00edndrome Down, el XX Campeonato Centroamericano y del Caribe de Atletismo Sub-18 y Sub-20 y el serial atl\u00e9tico \u201cCamina, trota o corre\u201d, entre otros.<\/p>\n<p>Para el 2015, se contemplan 13 acciones referentes al deporte, como: el Festival Iberoamericano de Atletismo Sub-18; la 3\u00aa edici\u00f3n del Congreso Internacional de Ciencias Aplicadas al Deporte \u201cDeportium\u201d, adem\u00e1s del Campeonato Norceca de Voleibol Femenil, de Primera Fuerza 2015, entre otros.<\/p>\n<p>\u201cTodos los eventos est\u00e1n coordinados de manera institucional, es decir, de CONADE a CECUFID y lo que corresponda al Ayuntamiento de Morelia\u201d, extern\u00f3 Garc\u00eda Meza.<\/p>\n<p>Ambos dirigentes del deporte coincidieron en que la obtenci\u00f3n de la sede para las justas deportivas, sin duda se debe a la infraestructura con la cual cuenta la ciudad de la cantera rosa, en espec\u00edfico, la pista de atletismo del Complejo Deportivo Bicentenario, as\u00ed como su mismo Auditorio, as\u00ed como el Complejo Acu\u00e1tico \u201cMedallistas Paral\u00edmpicos\u201d, de la Unidad Deportiva Morelos-INDECO.<\/p>\n","protected":false},"excerpt":{"rendered":"<p>El Instituto Municipal de Cultura F\u00edsica y Deporte (IMDE), sumar\u00e1  voluntades con la Comisi\u00f3n Estatal de Cultura F\u00edsica y Deporte (CECUFID) con el objetivo de realizar, este a\u00f1o, 13 eventos tanto nacionales como internacionales, que forman parte del Plan Michoac\u00e1n 2015.<\/p>\n","protected":false},"author":1,"featured_media":13027,"comment_status":"open","ping_status":"open","sticky":false,"template":"","format":"standard","meta":{"footnotes":""},"categories":[14,9],"tags":[],"class_list":["post-13026","post","type-post","status-publish","format-standard","has-post-thumbnail","hentry","category-destacadas","category-morelia"],"_links":{"self":[{"href":"https:\/\/radiowebmx.com\/nota\/wp-json\/wp\/v2\/posts\/13026","targetHints":{"allow":["GET"]}}],"collection":[{"href":"https:\/\/radiowebmx.com\/nota\/wp-json\/wp\/v2\/posts"}],"about":[{"href":"https:\/\/radiowebmx.com\/nota\/wp-json\/wp\/v2\/types\/post"}],"author":[{"embeddable":true,"href":"https:\/\/radiowebmx.com\/nota\/wp-json\/wp\/v2\/users\/1"}],"replies":[{"embeddable":true,"href":"https:\/\/radiowebmx.com\/nota\/wp-json\/wp\/v2\/comments?post=13026"}],"version-history":[{"count":1,"href":"https:\/\/radiowebmx.com\/nota\/wp-json\/wp\/v2\/posts\/13026\/revisions"}],"predecessor-version":[{"id":13028,"href":"https:\/\/radiowebmx.com\/nota\/wp-json\/wp\/v2\/posts\/13026\/revisions\/13028"}],"wp:featuredmedia":[{"embeddable":true,"href":"https:\/\/radiowebmx.com\/nota\/wp-json\/wp\/v2\/media\/13027"}],"wp:attachment":[{"href":"https:\/\/radiowebmx.com\/nota\/wp-json\/wp\/v2\/media?parent=13026"}],"wp:term":[{"taxonomy":"category","embeddable":true,"href":"https:\/\/radiowebmx.com\/nota\/wp-json\/wp\/v2\/categories?post=13026"},{"taxonomy":"post_tag","embeddable":true,"href":"https:\/\/radiowebmx.com\/nota\/wp-json\/wp\/v2\/tags?post=13026"}],"curies":[{"name":"wp","href":"https:\/\/api.w.org\/{rel}","templated":true}]}}