{"id":13021,"date":"2015-01-28T11:37:35","date_gmt":"2015-01-28T17:37:35","guid":{"rendered":"https:\/\/radiowebmx.com\/nota\/?p=13021"},"modified":"2015-01-28T11:37:35","modified_gmt":"2015-01-28T17:37:35","slug":"condena-pan-asesinato-de-ex-dirigente-moreliano","status":"publish","type":"post","link":"https:\/\/radiowebmx.com\/nota\/condena-pan-asesinato-de-ex-dirigente-moreliano\/","title":{"rendered":"Condena PAN asesinato de ex dirigente moreliano"},"content":{"rendered":"<p>A nombre del panismo michoacano, Miguel \u00c1ngel Ch\u00e1vez Zavala, presidente estatal blanquiazul, conden\u00f3 el asesinato de Eduardo Flores Vizca\u00edno, ex dirigente del Partido Acci\u00f3n Nacional (PAN) en Morelia durante el periodo 2005-2007, a la par que exigi\u00f3 se haga justicia y se castigue a los autores de este lamentable hecho.<\/p>\n<p>&nbsp;<\/p>\n<p>Con gran dolor e indignaci\u00f3n, el dirigente panista inform\u00f3 que con este caso ya suman 10 funcionarios y liderazgos de Acci\u00f3n Nacional que han sido v\u00edctimas del estado de violencia e inseguridad que vive Michoac\u00e1n, sin que hasta el momento las instancias pertinentes hayan presentado avances significativos en las investigaciones de dichos casos.<\/p>\n<p>&nbsp;<\/p>\n<p>Es as\u00ed que la familia panista en Michoac\u00e1n expresa sus condolencias a los familiares y amigos de Eduardo Flores Vizca\u00edno tras la lamentable p\u00e9rdida de este distinguido panista.<\/p>\n","protected":false},"excerpt":{"rendered":"<p>A nombre del panismo michoacano, Miguel \u00c1ngel Ch\u00e1vez Zavala, presidente estatal blanquiazul, conden\u00f3 el asesinato de Eduardo Flores Vizca\u00edno, ex dirigente del Partido Acci\u00f3n Nacional (PAN) en Morelia durante el periodo 2005-2007,<\/p>\n","protected":false},"author":1,"featured_media":13022,"comment_status":"open","ping_status":"open","sticky":false,"template":"","format":"standard","meta":{"footnotes":""},"categories":[14,13,11],"tags":[],"class_list":["post-13021","post","type-post","status-publish","format-standard","has-post-thumbnail","hentry","category-destacadas","category-pan","category-partidos-politicos"],"_links":{"self":[{"href":"https:\/\/radiowebmx.com\/nota\/wp-json\/wp\/v2\/posts\/13021","targetHints":{"allow":["GET"]}}],"collection":[{"href":"https:\/\/radiowebmx.com\/nota\/wp-json\/wp\/v2\/posts"}],"about":[{"href":"https:\/\/radiowebmx.com\/nota\/wp-json\/wp\/v2\/types\/post"}],"author":[{"embeddable":true,"href":"https:\/\/radiowebmx.com\/nota\/wp-json\/wp\/v2\/users\/1"}],"replies":[{"embeddable":true,"href":"https:\/\/radiowebmx.com\/nota\/wp-json\/wp\/v2\/comments?post=13021"}],"version-history":[{"count":1,"href":"https:\/\/radiowebmx.com\/nota\/wp-json\/wp\/v2\/posts\/13021\/revisions"}],"predecessor-version":[{"id":13023,"href":"https:\/\/radiowebmx.com\/nota\/wp-json\/wp\/v2\/posts\/13021\/revisions\/13023"}],"wp:featuredmedia":[{"embeddable":true,"href":"https:\/\/radiowebmx.com\/nota\/wp-json\/wp\/v2\/media\/13022"}],"wp:attachment":[{"href":"https:\/\/radiowebmx.com\/nota\/wp-json\/wp\/v2\/media?parent=13021"}],"wp:term":[{"taxonomy":"category","embeddable":true,"href":"https:\/\/radiowebmx.com\/nota\/wp-json\/wp\/v2\/categories?post=13021"},{"taxonomy":"post_tag","embeddable":true,"href":"https:\/\/radiowebmx.com\/nota\/wp-json\/wp\/v2\/tags?post=13021"}],"curies":[{"name":"wp","href":"https:\/\/api.w.org\/{rel}","templated":true}]}}