{"id":13015,"date":"2015-01-27T13:27:00","date_gmt":"2015-01-27T19:27:00","guid":{"rendered":"https:\/\/radiowebmx.com\/nota\/?p=13015"},"modified":"2015-01-27T13:27:00","modified_gmt":"2015-01-27T19:27:00","slug":"cuidaran-los-programas-sociales-ante-proceso-electoral","status":"publish","type":"post","link":"https:\/\/radiowebmx.com\/nota\/cuidaran-los-programas-sociales-ante-proceso-electoral\/","title":{"rendered":"CUIDAR\u00c1N LOS PROGRAMAS SOCIALES ANTE PROCESO ELECTORAL"},"content":{"rendered":"<p>El secretario de Desarrollo Social de Morelia, Carlos Hern\u00e1ndez L\u00f3pez, inform\u00f3 que ante el proceso electoral de este 2015, todos los programas de asistencia social que distribuye y anuncia esta dependencia quedar\u00e1n debidamente resguardados a fin de evitar un mal uso o desv\u00edo con fines pol\u00edticos.<\/p>\n<p>&nbsp;<\/p>\n<p>Al igual que la federaci\u00f3n y el gobierno estatal, el Ayuntamiento de Morelia acatar\u00e1 las instrucciones para blindar los programas y evitar que candidatos o partidos pol\u00edticos se inmiscuyan en la entrega, coordinaci\u00f3n y operaci\u00f3n de los apoyos que durante todo el a\u00f1o se brindan a las familias con menos recursos econ\u00f3micos para coadyuvar en su bienestar y mejorar su calidad de vida.<\/p>\n<p>&nbsp;<\/p>\n<p>El funcionario municipal dej\u00f3 en claro que el Ayuntamiento de Morelia acatar\u00e1 las recomendaciones que manifest\u00f3 la federaci\u00f3n y el estado en los programas que aterrizan en el municipio para beneficio de los grupos vulnerables, pero adem\u00e1s, aclar\u00f3 que cada uno de los programas y servicios sociales, son aplicados bajo reglas de operaci\u00f3n que, de inicio, los blindan para evitar su incorrecto uso.<\/p>\n<p>&nbsp;<\/p>\n<p>Inform\u00f3 que ya se tuvo acercamiento con el Instituto para la Transparencia y Acceso a la Informaci\u00f3n P\u00fablica del Estado de Michoac\u00e1n (Itaimich) en el que esta dependencia ofreci\u00f3 capacitaci\u00f3n a servidores p\u00fablicos sobre la protecci\u00f3n y control adecuado en el manejo de los servicios y apoyos sociales durante el proceso electoral.<\/p>\n<p>&nbsp;<\/p>\n<p>No obstante inform\u00f3 que la indicaci\u00f3n del presidente municipal, Wilfrido L\u00e1zaro Medina, es que cada oficina municipal trabaje con transparencia, sobre todo, las que tienen atenci\u00f3n social, sin detener el curso de la entrega de los apoyos.<\/p>\n<p>&nbsp;<\/p>\n<p>En este sentido, ratific\u00f3 que la ciudadan\u00eda beneficiada en cada uno de los programas sociales, mantendr\u00e1 su ayuda tal y como se ha desarrollado en la actualidad, por lo que no tienen de qu\u00e9 preocuparse, \u00fanicamente se acatar\u00e1n a los lineamientos oficiales para evitar caer en irregularidades.<\/p>\n<p>&nbsp;<\/p>\n<p>Agreg\u00f3 que 10 mil 500 adultos mayores reciben la canasta b\u00e1sica, y que 25 mil morelianos est\u00e1n inscritos en el Programa Federal Prospera, entre otros sistemas que no dejaran de operar este a\u00f1o.<\/p>\n","protected":false},"excerpt":{"rendered":"<p>El secretario de Desarrollo Social de Morelia, Carlos Hern\u00e1ndez L\u00f3pez, inform\u00f3 que ante el proceso electoral de este 2015, todos los programas de asistencia social que distribuye y anuncia esta dependencia quedar\u00e1n debidamente resguardados a fin de evitar un mal uso o desv\u00edo con fines pol\u00edticos.<\/p>\n","protected":false},"author":1,"featured_media":13016,"comment_status":"open","ping_status":"open","sticky":false,"template":"","format":"standard","meta":{"footnotes":""},"categories":[14,9],"tags":[],"class_list":["post-13015","post","type-post","status-publish","format-standard","has-post-thumbnail","hentry","category-destacadas","category-morelia"],"_links":{"self":[{"href":"https:\/\/radiowebmx.com\/nota\/wp-json\/wp\/v2\/posts\/13015","targetHints":{"allow":["GET"]}}],"collection":[{"href":"https:\/\/radiowebmx.com\/nota\/wp-json\/wp\/v2\/posts"}],"about":[{"href":"https:\/\/radiowebmx.com\/nota\/wp-json\/wp\/v2\/types\/post"}],"author":[{"embeddable":true,"href":"https:\/\/radiowebmx.com\/nota\/wp-json\/wp\/v2\/users\/1"}],"replies":[{"embeddable":true,"href":"https:\/\/radiowebmx.com\/nota\/wp-json\/wp\/v2\/comments?post=13015"}],"version-history":[{"count":1,"href":"https:\/\/radiowebmx.com\/nota\/wp-json\/wp\/v2\/posts\/13015\/revisions"}],"predecessor-version":[{"id":13017,"href":"https:\/\/radiowebmx.com\/nota\/wp-json\/wp\/v2\/posts\/13015\/revisions\/13017"}],"wp:featuredmedia":[{"embeddable":true,"href":"https:\/\/radiowebmx.com\/nota\/wp-json\/wp\/v2\/media\/13016"}],"wp:attachment":[{"href":"https:\/\/radiowebmx.com\/nota\/wp-json\/wp\/v2\/media?parent=13015"}],"wp:term":[{"taxonomy":"category","embeddable":true,"href":"https:\/\/radiowebmx.com\/nota\/wp-json\/wp\/v2\/categories?post=13015"},{"taxonomy":"post_tag","embeddable":true,"href":"https:\/\/radiowebmx.com\/nota\/wp-json\/wp\/v2\/tags?post=13015"}],"curies":[{"name":"wp","href":"https:\/\/api.w.org\/{rel}","templated":true}]}}