{"id":13009,"date":"2015-01-27T13:21:55","date_gmt":"2015-01-27T19:21:55","guid":{"rendered":"https:\/\/radiowebmx.com\/nota\/?p=13009"},"modified":"2015-01-27T13:21:55","modified_gmt":"2015-01-27T19:21:55","slug":"entrega-wilfrido-lazaro-uniformes-a-personal%e2%80%8f","status":"publish","type":"post","link":"https:\/\/radiowebmx.com\/nota\/entrega-wilfrido-lazaro-uniformes-a-personal%e2%80%8f\/","title":{"rendered":"ENTREGA WILFRIDO L\u00c1ZARO UNIFORMES A PERSONAL\u200f"},"content":{"rendered":"<p>Cumpliendo con el compromiso de proporcionar a los trabajadores del Ayuntamiento moreliano las herramientas necesarias para un buen desempe\u00f1o de sus labores, el Presidente Wilfrido L\u00e1zaro Medina entreg\u00f3 a los vigilantes del Palacio Municipal uniformes que los identifican como personal del \u00e1rea de vigilancia.<\/p>\n<p>&nbsp;<\/p>\n<p>El personal del \u00e1rea de vigilancia del Palacio Municipal recibi\u00f3 de manos del edil moreliano gorra, camisas, chamarra y pantalones que forman parte del uniforme que portan los\u00a0 oficiales que supervisan la seguridad de todas las oficinas municipales.<\/p>\n<p>&nbsp;<\/p>\n<p>Durante la entrega, el Presidente exhort\u00f3 a los trabajadores a hacer buen uso del uniforme que se les est\u00e1 proporcionando, ya que es parte esencial para el desarrollo de su labor, que consiste en proporcionar seguridad tanto al personal que trabaja en el Palacio como a las personas que lo visitan para realizar cualquier tipo de tr\u00e1mite.<\/p>\n","protected":false},"excerpt":{"rendered":"<p>Cumpliendo con el compromiso de proporcionar a los trabajadores del Ayuntamiento moreliano las herramientas necesarias para un buen desempe\u00f1o de sus labores, el Presidente Wilfrido L\u00e1zaro Medina entreg\u00f3 a los vigilantes del Palacio Municipal uniformes que los identifican como personal del \u00e1rea de vigilancia.<\/p>\n","protected":false},"author":1,"featured_media":13010,"comment_status":"open","ping_status":"open","sticky":false,"template":"","format":"standard","meta":{"footnotes":""},"categories":[14,9],"tags":[],"class_list":["post-13009","post","type-post","status-publish","format-standard","has-post-thumbnail","hentry","category-destacadas","category-morelia"],"_links":{"self":[{"href":"https:\/\/radiowebmx.com\/nota\/wp-json\/wp\/v2\/posts\/13009","targetHints":{"allow":["GET"]}}],"collection":[{"href":"https:\/\/radiowebmx.com\/nota\/wp-json\/wp\/v2\/posts"}],"about":[{"href":"https:\/\/radiowebmx.com\/nota\/wp-json\/wp\/v2\/types\/post"}],"author":[{"embeddable":true,"href":"https:\/\/radiowebmx.com\/nota\/wp-json\/wp\/v2\/users\/1"}],"replies":[{"embeddable":true,"href":"https:\/\/radiowebmx.com\/nota\/wp-json\/wp\/v2\/comments?post=13009"}],"version-history":[{"count":1,"href":"https:\/\/radiowebmx.com\/nota\/wp-json\/wp\/v2\/posts\/13009\/revisions"}],"predecessor-version":[{"id":13011,"href":"https:\/\/radiowebmx.com\/nota\/wp-json\/wp\/v2\/posts\/13009\/revisions\/13011"}],"wp:featuredmedia":[{"embeddable":true,"href":"https:\/\/radiowebmx.com\/nota\/wp-json\/wp\/v2\/media\/13010"}],"wp:attachment":[{"href":"https:\/\/radiowebmx.com\/nota\/wp-json\/wp\/v2\/media?parent=13009"}],"wp:term":[{"taxonomy":"category","embeddable":true,"href":"https:\/\/radiowebmx.com\/nota\/wp-json\/wp\/v2\/categories?post=13009"},{"taxonomy":"post_tag","embeddable":true,"href":"https:\/\/radiowebmx.com\/nota\/wp-json\/wp\/v2\/tags?post=13009"}],"curies":[{"name":"wp","href":"https:\/\/api.w.org\/{rel}","templated":true}]}}