{"id":13002,"date":"2015-01-27T13:16:27","date_gmt":"2015-01-27T19:16:27","guid":{"rendered":"https:\/\/radiowebmx.com\/nota\/?p=13002"},"modified":"2015-01-27T13:16:51","modified_gmt":"2015-01-27T19:16:51","slug":"dependencias-realizan-la-caravana-de-accion-social-en-alvaro-obregon","status":"publish","type":"post","link":"https:\/\/radiowebmx.com\/nota\/dependencias-realizan-la-caravana-de-accion-social-en-alvaro-obregon\/","title":{"rendered":"DEPENDENCIAS REALIZAN LA CARAVANA DE ACCI\u00d3N SOCIAL EN \u00c1LVARO OBREG\u00d3N"},"content":{"rendered":"<p>A trav\u00e9s de la colaboraci\u00f3n interinstitucional se realiz\u00f3 la Caravana de Acci\u00f3n Social del Gobierno del Estado en el ayuntamiento de \u00c1lvaro Obreg\u00f3n, mediante la cual la poblaci\u00f3n tuvo acceso a servicios y programas gubernamentales.<\/p>\n<p>&nbsp;<\/p>\n<p>Personal de las Secretar\u00edas de Pol\u00edtica Social (Sepsol), de Salud (SSM), y de la Mujer (Semujer), as\u00ed como del Sistema Integral de Financiamiento para el Desarrollo de Michoac\u00e1n (S\u00ed Financia), de la Procuradur\u00eda Federal del Consumidor (Profeco) y de Protecci\u00f3n Civil (PC), brindaron su oferta institucional a las y los habitantes de esta zona del estado.<\/p>\n<p>&nbsp;<\/p>\n<p>La directora de Desarrollo de la Econom\u00eda Social de la Sepsol, Esperanza Elizabeth Torres Melgoza, reconoci\u00f3 el trabajo coordinado de las dependencias participantes en la Caravana, quienes dijo, suman acciones con un objetivo com\u00fan que es el bienestar de la poblaci\u00f3n.<\/p>\n<p>&nbsp;<\/p>\n<p>Por su parte, el alcalde de \u00c1lvaro Obreg\u00f3n, Jos\u00e9 Jes\u00fas Rub\u00e9n S\u00e1nchez Ju\u00e1rez, agradeci\u00f3 al Gobierno del Estado el apoyo y la disposici\u00f3n para llevar los diferentes programas al municipio, tras se\u00f1alar que ser\u00e1n de gran beneficio para la ciudadan\u00eda.<\/p>\n<p>&nbsp;<\/p>\n<p>Dentro de las actividades desarrolladas por las instancias participantes, la Sepsol brind\u00f3 capacitaciones en habilidades productivas, la mesa de la Nutrici\u00f3n, y la Escuela de la Construcci\u00f3n en colaboraci\u00f3n con Cemex.<\/p>\n<p>&nbsp;<\/p>\n<p>En tanto, la Secretar\u00eda de Salud, estuvo presente con el m\u00f3dulo de prevenci\u00f3n de enfermedades respiratorias; toma de signos vitales y el club de nutrici\u00f3n, por su parte la Semujer, brind\u00f3 asesor\u00eda jur\u00eddica y atenci\u00f3n psicol\u00f3gica, as\u00ed como su oferta institucional.<\/p>\n<p>&nbsp;<\/p>\n<p>S\u00ed Financia proporcion\u00f3 informaci\u00f3n respecto de los diversos programas con los que cuenta para apoyar con cr\u00e9ditos a las y los emprendedores michoacanos, \u00a0la Profeco particip\u00f3 con los talleres de capacitaci\u00f3n de tecnolog\u00edas dom\u00e9sticas, adem\u00e1s de informaci\u00f3n de inter\u00e9s al consumidor. \u00a0Tambi\u00e9n se cont\u00f3 con la asistencia de Protecci\u00f3n Civil estatal, entre otras actividades desarrolladas por las instituciones participantes en la Caravana de Acci\u00f3n Social, que cont\u00f3 con gran afluencia por parte de la poblaci\u00f3n.<\/p>\n","protected":false},"excerpt":{"rendered":"<p>A trav\u00e9s de la colaboraci\u00f3n interinstitucional se realiz\u00f3 la Caravana de Acci\u00f3n Social del Gobierno del Estado en el ayuntamiento de \u00c1lvaro Obreg\u00f3n, mediante la cual la poblaci\u00f3n tuvo acceso a servicios y programas gubernamentales.<\/p>\n","protected":false},"author":1,"featured_media":13003,"comment_status":"open","ping_status":"open","sticky":false,"template":"","format":"standard","meta":{"footnotes":""},"categories":[14,3],"tags":[],"class_list":["post-13002","post","type-post","status-publish","format-standard","has-post-thumbnail","hentry","category-destacadas","category-gobierno-del-estado-de-michoacan"],"_links":{"self":[{"href":"https:\/\/radiowebmx.com\/nota\/wp-json\/wp\/v2\/posts\/13002","targetHints":{"allow":["GET"]}}],"collection":[{"href":"https:\/\/radiowebmx.com\/nota\/wp-json\/wp\/v2\/posts"}],"about":[{"href":"https:\/\/radiowebmx.com\/nota\/wp-json\/wp\/v2\/types\/post"}],"author":[{"embeddable":true,"href":"https:\/\/radiowebmx.com\/nota\/wp-json\/wp\/v2\/users\/1"}],"replies":[{"embeddable":true,"href":"https:\/\/radiowebmx.com\/nota\/wp-json\/wp\/v2\/comments?post=13002"}],"version-history":[{"count":2,"href":"https:\/\/radiowebmx.com\/nota\/wp-json\/wp\/v2\/posts\/13002\/revisions"}],"predecessor-version":[{"id":13006,"href":"https:\/\/radiowebmx.com\/nota\/wp-json\/wp\/v2\/posts\/13002\/revisions\/13006"}],"wp:featuredmedia":[{"embeddable":true,"href":"https:\/\/radiowebmx.com\/nota\/wp-json\/wp\/v2\/media\/13003"}],"wp:attachment":[{"href":"https:\/\/radiowebmx.com\/nota\/wp-json\/wp\/v2\/media?parent=13002"}],"wp:term":[{"taxonomy":"category","embeddable":true,"href":"https:\/\/radiowebmx.com\/nota\/wp-json\/wp\/v2\/categories?post=13002"},{"taxonomy":"post_tag","embeddable":true,"href":"https:\/\/radiowebmx.com\/nota\/wp-json\/wp\/v2\/tags?post=13002"}],"curies":[{"name":"wp","href":"https:\/\/api.w.org\/{rel}","templated":true}]}}