{"id":12989,"date":"2015-01-27T13:05:44","date_gmt":"2015-01-27T19:05:44","guid":{"rendered":"https:\/\/radiowebmx.com\/nota\/?p=12989"},"modified":"2015-01-27T13:05:44","modified_gmt":"2015-01-27T19:05:44","slug":"ratifican-al-imde-como-organismo-autonomo-y-descentralizado","status":"publish","type":"post","link":"https:\/\/radiowebmx.com\/nota\/ratifican-al-imde-como-organismo-autonomo-y-descentralizado\/","title":{"rendered":"RATIFICAN AL IMDE COMO ORGANISMO AUT\u00d3NOMO Y DESCENTRALIZADO"},"content":{"rendered":"<p><b>\u00a0<\/b>Por primera vez desde su creaci\u00f3n como Instituto Municipal de Cultura F\u00edsica y Deporte (IMDE) en diciembre del 2012, este organismo fungir\u00e1 como un ente verdaderamente aut\u00f3nomo, pues ahora tendr\u00e1 la atribuci\u00f3n de tomar y ejercer los recursos que el propio Instituto genere a trav\u00e9s de la renta de espacios deportivos y ya no deber\u00e1n pasar por la Tesorer\u00eda Municipal, como anteriormente ocurr\u00eda; todo ello con el objetivo de mantener las unidades en \u00f3ptimas condiciones para los miles de usuarios morelianos.<\/p>\n<p>&nbsp;<\/p>\n<p>El edil moreliano, Wilfrido L\u00e1zaro Medina, impuls\u00f3 la creaci\u00f3n del Instituto Municipal de Cultura F\u00edsica y Deporte (IMDE) con el objetivo de formarlo como un organismo descentralizado del gobierno, es decir, que generara sus propios ingresos para as\u00ed no representar una carga administrativa, acci\u00f3n que ha sido materializada por su director general, Miguel \u00c1ngel Garc\u00eda Meza.<\/p>\n<p>&nbsp;<\/p>\n<p>En la Sexta Sesi\u00f3n Extraordinaria de la Junta de Gobierno del IMDE, celebrada la ma\u00f1ana de este d\u00eda, el objetivo principal fue ratificar la autorizaci\u00f3n para que el Instituto pueda operar por cuenta propia los recursos generados, tarea desarrollada anteriormente por la Tesorer\u00eda Municipal, es decir, los ingresos generados a partir de la renta de algunos de los espacios deportivos del IMDE, ser\u00e1n ejercidos por el mismo, para tareas de mantenimiento y rehabilitaci\u00f3n de las unidades, algo que se busc\u00f3 desde el inicio de la administraci\u00f3n.<\/p>\n<p>&nbsp;<\/p>\n<p>\u201cEl primer punto de la reuni\u00f3n, fue la ratificaci\u00f3n de autorizaci\u00f3n para llevar a cabo la operatividad de los ingresos recaudados de los espacios deportivos con los que cuenta el IMDE. El segundo es acerca de la operatividad del manejo de los recursos para que sean beneficiados de manera directa los mismos espacios para su rehabilitaci\u00f3n y mantenimiento\u201d, argument\u00f3 el titular del IMDE, Miguel \u00c1ngel Garc\u00eda Meza.<\/p>\n<p>&nbsp;<\/p>\n<p>La reuni\u00f3n fue encabezada por el edil capitalino Wilfrido L\u00e1zaro Medina, el propio titular del IMDE, Miguel Garc\u00eda Meza, quien adem\u00e1s fungi\u00f3 como secretario ejecutivo de la reuni\u00f3n; adem\u00e1s de Carlos Hern\u00e1ndez L\u00f3pez e Iv\u00e1n Arturo P\u00e9rez Negr\u00f3n, quienes son vocales de la Junta de Gobierno, entre otros funcionarios municipales.<\/p>\n<p>&nbsp;<\/p>\n<p>El proceso interno para la renta de los espacios ser\u00e1 revisado por la Contralor\u00eda Municipal y consiste en que los interesados de hacer uso de la unidad a mediano y largo plazo, como en el caso de algunos programas, academias o ligas deportivas, deber\u00e1n realizar un dep\u00f3sito bancario y llevar el comprobante a las instalaciones del IMDE, en la Unidad Deportiva Morelos-INDECO,\u00a0\u00a0para agendar su actividad en el espacio.<\/p>\n<p>&nbsp;<\/p>\n<p>De esta manera, los ingresos generados se aplicar\u00e1n sobre los mismos lugares, para optimizarlos y tenerlos siempre a disposici\u00f3n de la sociedad moreliana, de acuerdo a la planeaci\u00f3n de trabajos, la cual ser\u00e1 desarrollada por el \u00e1rea de Infraestructura Deportiva.<\/p>\n<p>&nbsp;<\/p>\n<p>Los precios de los diferentes espacios ubicados dentro de las unidades deportivas administradas por el Ayuntamiento, var\u00edan seg\u00fan el inmueble; por ejemplo, la renta por hora de una cancha de frontenis, equivale a 22 pesos, mientras que el precio m\u00e1s alto para un espacio es una cancha de futbol con iluminaci\u00f3n, que es de 312 pesos.<\/p>\n<p>&nbsp;<\/p>\n<p>\u201cLa idea de nosotros es\u00a0\u00a0que en el mes de febrero tengamos rehabilitados los espacios que generan cooperaci\u00f3n por su uso, para que las personas tengan lugares dignos para la pr\u00e1ctica deportiva. El acceso es gratuito en todas nuestras unidades deportivas y muchos de los espacios de las mismas, podemos decir el 90 por ciento, son de manera gratuita para toda la poblaci\u00f3n\u201d, finaliz\u00f3 Garc\u00eda Meza.<\/p>\n<p>&nbsp;<\/p>\n<p>Posteriormente, Wilfrido L\u00e1zaro Medina realiz\u00f3 un breve recorrido por el Complejo Acu\u00e1tico reci\u00e9n construido, para supervisar el funcionamiento del mismo y alentar a las personas que acuden diariamente a hacer uso de la alberca ol\u00edmpica.<\/p>\n","protected":false},"excerpt":{"rendered":"<p> Por primera vez desde su creaci\u00f3n como Instituto Municipal de Cultura F\u00edsica y Deporte (IMDE) en diciembre del 2012, este organismo fungir\u00e1 como un ente verdaderamente aut\u00f3nomo, pues ahora tendr\u00e1 la atribuci\u00f3n de tomar y ejercer los recursos que el propio Instituto genere a trav\u00e9s de la renta de espacios <\/p>\n","protected":false},"author":1,"featured_media":12990,"comment_status":"open","ping_status":"open","sticky":false,"template":"","format":"standard","meta":{"footnotes":""},"categories":[14,9],"tags":[],"class_list":["post-12989","post","type-post","status-publish","format-standard","has-post-thumbnail","hentry","category-destacadas","category-morelia"],"_links":{"self":[{"href":"https:\/\/radiowebmx.com\/nota\/wp-json\/wp\/v2\/posts\/12989","targetHints":{"allow":["GET"]}}],"collection":[{"href":"https:\/\/radiowebmx.com\/nota\/wp-json\/wp\/v2\/posts"}],"about":[{"href":"https:\/\/radiowebmx.com\/nota\/wp-json\/wp\/v2\/types\/post"}],"author":[{"embeddable":true,"href":"https:\/\/radiowebmx.com\/nota\/wp-json\/wp\/v2\/users\/1"}],"replies":[{"embeddable":true,"href":"https:\/\/radiowebmx.com\/nota\/wp-json\/wp\/v2\/comments?post=12989"}],"version-history":[{"count":1,"href":"https:\/\/radiowebmx.com\/nota\/wp-json\/wp\/v2\/posts\/12989\/revisions"}],"predecessor-version":[{"id":12991,"href":"https:\/\/radiowebmx.com\/nota\/wp-json\/wp\/v2\/posts\/12989\/revisions\/12991"}],"wp:featuredmedia":[{"embeddable":true,"href":"https:\/\/radiowebmx.com\/nota\/wp-json\/wp\/v2\/media\/12990"}],"wp:attachment":[{"href":"https:\/\/radiowebmx.com\/nota\/wp-json\/wp\/v2\/media?parent=12989"}],"wp:term":[{"taxonomy":"category","embeddable":true,"href":"https:\/\/radiowebmx.com\/nota\/wp-json\/wp\/v2\/categories?post=12989"},{"taxonomy":"post_tag","embeddable":true,"href":"https:\/\/radiowebmx.com\/nota\/wp-json\/wp\/v2\/tags?post=12989"}],"curies":[{"name":"wp","href":"https:\/\/api.w.org\/{rel}","templated":true}]}}