{"id":12986,"date":"2015-01-27T12:59:17","date_gmt":"2015-01-27T18:59:17","guid":{"rendered":"https:\/\/radiowebmx.com\/nota\/?p=12986"},"modified":"2015-01-27T12:59:17","modified_gmt":"2015-01-27T18:59:17","slug":"funcionario-que-viole-la-ley-electoral-sera-sancionado-advierte-el-gobernador-a-su-gabinete","status":"publish","type":"post","link":"https:\/\/radiowebmx.com\/nota\/funcionario-que-viole-la-ley-electoral-sera-sancionado-advierte-el-gobernador-a-su-gabinete\/","title":{"rendered":"FUNCIONARIO QUE VIOLE LA LEY ELECTORAL SER\u00c1 SANCIONADO,  ADVIERTE EL GOBERNADOR A SU GABINETE"},"content":{"rendered":"<p>El gobernador Salvador Jara Guerrero\u00a0 instruy\u00f3 a los integrantes de su gabinete a ser muy cuidadosos de la ley durante el proceso electoral en curso, y advirti\u00f3 que los funcionarios que violenten la normatividad ser\u00e1n sancionados.<\/p>\n<p>En reuni\u00f3n de gabinete, el mandatario estatal present\u00f3 al secretario de Gobierno, Jaime Esparza Cortina, quien pidi\u00f3 a los servidores p\u00fablicos que no usen los recursos materiales y humanos de la administraci\u00f3n estatal, ni el tiempo destinado para el desempe\u00f1o de sus funciones, a brindar apoyo a alg\u00fan candidato, del partido pol\u00edtico que sea; \u201cal funcionario que viole la ley se le tendr\u00e1 que aplicar una sanci\u00f3n. Difundan este mensaje entre sus colaboradores\u201d, recalc\u00f3.<\/p>\n<p>El mandatario estatal reiter\u00f3 que la transparencia y rendici\u00f3n de cuentas son banderas de la administraci\u00f3n que encabeza, pues en el corto plazo \u201ctenemos que dejar un gobierno fuerte, llegue quien llegue\u201d.<\/p>\n<p><b>COORDINACI\u00d3N CON LA FEDERACI\u00d3N<\/b><\/p>\n<p>Salvador Jara subray\u00f3 que no obstante que concluy\u00f3 el ciclo de trabajo de la Comisi\u00f3n para la Seguridad y Desarrollo Integral de Michoac\u00e1n, la coordinaci\u00f3n de su gobierno con la federaci\u00f3n seguir\u00e1 siendo muy estrecha a trav\u00e9s del general Felipe Gurrola Ram\u00edrez, quien fue nombrado mando especial de seguridad para apoyar al estado.<\/p>\n<p>A\u00f1adi\u00f3 que la presencia en la entidad del general Gurrola Ram\u00edrez, como coordinador de las fuerzas de seguridad federales, precisa de nuevas formas de trabajo, por lo que el d\u00eda de ma\u00f1ana se instalar\u00e1 el Grupo de Coordinaci\u00f3n Michoac\u00e1n, en el que participar\u00e1n autoridades de los gobiernos estatal y federal.<\/p>\n","protected":false},"excerpt":{"rendered":"<p>El gobernador Salvador Jara Guerrero  instruy\u00f3 a los integrantes de su gabinete a ser muy cuidadosos de la ley durante el proceso electoral en curso, y advirti\u00f3 que los funcionarios que violenten la normatividad ser\u00e1n sancionados.<\/p>\n","protected":false},"author":1,"featured_media":12987,"comment_status":"open","ping_status":"open","sticky":false,"template":"","format":"standard","meta":{"footnotes":""},"categories":[14,3],"tags":[],"class_list":["post-12986","post","type-post","status-publish","format-standard","has-post-thumbnail","hentry","category-destacadas","category-gobierno-del-estado-de-michoacan"],"_links":{"self":[{"href":"https:\/\/radiowebmx.com\/nota\/wp-json\/wp\/v2\/posts\/12986","targetHints":{"allow":["GET"]}}],"collection":[{"href":"https:\/\/radiowebmx.com\/nota\/wp-json\/wp\/v2\/posts"}],"about":[{"href":"https:\/\/radiowebmx.com\/nota\/wp-json\/wp\/v2\/types\/post"}],"author":[{"embeddable":true,"href":"https:\/\/radiowebmx.com\/nota\/wp-json\/wp\/v2\/users\/1"}],"replies":[{"embeddable":true,"href":"https:\/\/radiowebmx.com\/nota\/wp-json\/wp\/v2\/comments?post=12986"}],"version-history":[{"count":1,"href":"https:\/\/radiowebmx.com\/nota\/wp-json\/wp\/v2\/posts\/12986\/revisions"}],"predecessor-version":[{"id":12988,"href":"https:\/\/radiowebmx.com\/nota\/wp-json\/wp\/v2\/posts\/12986\/revisions\/12988"}],"wp:featuredmedia":[{"embeddable":true,"href":"https:\/\/radiowebmx.com\/nota\/wp-json\/wp\/v2\/media\/12987"}],"wp:attachment":[{"href":"https:\/\/radiowebmx.com\/nota\/wp-json\/wp\/v2\/media?parent=12986"}],"wp:term":[{"taxonomy":"category","embeddable":true,"href":"https:\/\/radiowebmx.com\/nota\/wp-json\/wp\/v2\/categories?post=12986"},{"taxonomy":"post_tag","embeddable":true,"href":"https:\/\/radiowebmx.com\/nota\/wp-json\/wp\/v2\/tags?post=12986"}],"curies":[{"name":"wp","href":"https:\/\/api.w.org\/{rel}","templated":true}]}}