{"id":12969,"date":"2015-01-26T14:42:53","date_gmt":"2015-01-26T20:42:53","guid":{"rendered":"https:\/\/radiowebmx.com\/nota\/?p=12969"},"modified":"2015-01-26T14:43:08","modified_gmt":"2015-01-26T20:43:08","slug":"fortalecen-la-profesionalizacion-del-recolector-de-basura","status":"publish","type":"post","link":"https:\/\/radiowebmx.com\/nota\/fortalecen-la-profesionalizacion-del-recolector-de-basura\/","title":{"rendered":"FORTALECEN LA PROFESIONALIZACI\u00d3N  DEL RECOLECTOR DE BASURA"},"content":{"rendered":"<p>Para avanzar en el compromiso asumido por el gobierno del presidente municipal, Wilfrido L\u00e1zaro Medina, de brindar un \u201cMorelia Sustentable\u201d, este a\u00f1o se asumir\u00e1 la promesa de profesionalizar al servicio de recolecci\u00f3n de basura.<\/p>\n<p>&nbsp;<\/p>\n<p>De acuerdo con el director de Aseo P\u00fablico Municipal, Paulino Vel\u00e1zquez Mart\u00ednez, la instrucci\u00f3n del alcalde de la comuna es fortalecer los espacios de capacitaci\u00f3n y profesionalizaci\u00f3n de los prestadores de servicio de recolecci\u00f3n de todas las empresas concesionarias con el objetivo final de que se d\u00e9 el tratamiento adecuado y sobre todo, la separaci\u00f3n y reciclaje de los desechos tanto dom\u00e9sticos como comerciales que se reciben de las viviendas y negocios.<\/p>\n<p>&nbsp;<\/p>\n<p>Actualmente, s\u00f3lo el 20 por ciento de las mil 500 toneladas de desperdicios que se generan en las casas de Morelia son reutilizadas, por ello, el Ayuntamiento de Morelia sigue en el camino para que los recolectores, con el apoyo de la ciudadan\u00eda, fomenten la cultura del separo y re\u00faso de materiales que a\u00fan pueden ser tratados.<\/p>\n<p>&nbsp;<\/p>\n<p>El funcionario municipal indic\u00f3 que este a\u00f1o, en el tema de la gesti\u00f3n integral de residuos, se tiene como meta revalorizar la imagen de los mil 500 recolectores que todos los d\u00edas realizan este importante y necesario trabajo.<\/p>\n<p>&nbsp;<\/p>\n<p>Vel\u00e1zquez Mart\u00ednez puntualiz\u00f3 que las acciones programadas de capacitaci\u00f3n y profesionalizaci\u00f3n del servicio de recolecci\u00f3n de basura de Morelia vienen a fortalecer las realizadas durante todo lo que lleva la actual administraci\u00f3n. Inform\u00f3 que se logr\u00f3 obtener y presentar un diagnostico a cada empresa, incluso a cada unidad que presta este servicio para que cada operador tome las medidas necesarias para su mejora, basadas en un plan de trabajo.<\/p>\n<p>&nbsp;<\/p>\n<p>Finalmente, invit\u00f3 nuevamente a la ciudadan\u00eda para que coopere con la separaci\u00f3n de los residuos generados en las viviendas o comercio y mantenga una comunicaci\u00f3n adecuada con los empresarios recolectores de los desechos para brindar un mejor servicio.<\/p>\n","protected":false},"excerpt":{"rendered":"<p> Para avanzar en el compromiso asumido por el gobierno del presidente municipal, Wilfrido L\u00e1zaro Medina, de brindar un \u201cMorelia Sustentable\u201d, este a\u00f1o se asumir\u00e1 la promesa de profesionalizar al servicio de recolecci\u00f3n de basura.<\/p>\n","protected":false},"author":1,"featured_media":0,"comment_status":"open","ping_status":"open","sticky":false,"template":"","format":"standard","meta":{"footnotes":""},"categories":[9],"tags":[],"class_list":["post-12969","post","type-post","status-publish","format-standard","hentry","category-morelia"],"_links":{"self":[{"href":"https:\/\/radiowebmx.com\/nota\/wp-json\/wp\/v2\/posts\/12969","targetHints":{"allow":["GET"]}}],"collection":[{"href":"https:\/\/radiowebmx.com\/nota\/wp-json\/wp\/v2\/posts"}],"about":[{"href":"https:\/\/radiowebmx.com\/nota\/wp-json\/wp\/v2\/types\/post"}],"author":[{"embeddable":true,"href":"https:\/\/radiowebmx.com\/nota\/wp-json\/wp\/v2\/users\/1"}],"replies":[{"embeddable":true,"href":"https:\/\/radiowebmx.com\/nota\/wp-json\/wp\/v2\/comments?post=12969"}],"version-history":[{"count":2,"href":"https:\/\/radiowebmx.com\/nota\/wp-json\/wp\/v2\/posts\/12969\/revisions"}],"predecessor-version":[{"id":12971,"href":"https:\/\/radiowebmx.com\/nota\/wp-json\/wp\/v2\/posts\/12969\/revisions\/12971"}],"wp:attachment":[{"href":"https:\/\/radiowebmx.com\/nota\/wp-json\/wp\/v2\/media?parent=12969"}],"wp:term":[{"taxonomy":"category","embeddable":true,"href":"https:\/\/radiowebmx.com\/nota\/wp-json\/wp\/v2\/categories?post=12969"},{"taxonomy":"post_tag","embeddable":true,"href":"https:\/\/radiowebmx.com\/nota\/wp-json\/wp\/v2\/tags?post=12969"}],"curies":[{"name":"wp","href":"https:\/\/api.w.org\/{rel}","templated":true}]}}