{"id":12953,"date":"2015-01-26T14:08:55","date_gmt":"2015-01-26T20:08:55","guid":{"rendered":"https:\/\/radiowebmx.com\/nota\/?p=12953"},"modified":"2015-01-26T14:08:55","modified_gmt":"2015-01-26T20:08:55","slug":"ayuntamiento-continua-con-la-limpieza-de-mercados","status":"publish","type":"post","link":"https:\/\/radiowebmx.com\/nota\/ayuntamiento-continua-con-la-limpieza-de-mercados\/","title":{"rendered":"AYUNTAMIENTO CONTIN\u00daA CON LA LIMPIEZA DE MERCADOS"},"content":{"rendered":"<p>En beneficio de miles de comerciantes y clientes de los mercados municipales y los espacios conocidos como \u201cTu Plaza\u201d, la administraci\u00f3n que dirige Wilfrido L\u00e1zaro Medina contin\u00faa con el programa de lavados y mantenimientos generales de estos puntos de venta, siendo el turno del Mercado Benito Ju\u00e1rez (Auditorio).<\/p>\n<p>&nbsp;<\/p>\n<p>Durante la primera actividad del 2015, las actividades implementadas por la Secretar\u00eda de Servicios P\u00fablicos comenzaron en el exterior y alrededores de los Mercados Revoluci\u00f3n y Nicol\u00e1s Bravo (Santo Ni\u00f1o), as\u00ed como en la Plaza San Juan.<\/p>\n<p>&nbsp;<\/p>\n<p>El prop\u00f3sito de estas acciones es mantener en condiciones adecuadas los espacios comerciales de Morelia y asegurar a vendedores y clientes que realizan sus compras, que las instalaciones y productos cuentan con la limpieza y mantenimientos necesarios; por ello el Ayuntamiento establece acciones permanentes de fumigaci\u00f3n, desazolve y cursos de capacitaci\u00f3n e higiene a locatarios.<\/p>\n<p>&nbsp;<\/p>\n<p>Con la participaci\u00f3n de las Direcciones de Mercados y Comercio en V\u00eda P\u00fablica, Aseo y Parques y Jardines, en los pr\u00f3ximos d\u00edas tambi\u00e9n se programaron los lavados con hidropipa, agua dura no apta para consumo y jab\u00f3n, en los Mercados Independencia (27 de Enero, 18:00 horas), Vasco de Quiroga (d\u00eda 28 del presente mes, 19:00 horas) y el estacionamiento de Capuchinas (30 de Enero, 20:00 horas).<\/p>\n<p>&nbsp;<\/p>\n<p>Adem\u00e1s de los lavados que se programan para cubrir los exteriores e inmediaciones de los mercados, en algunos casos incluyen paredes, cortinas, arquer\u00eda, cantera y \u00e1reas de estacionamiento. Para lo anterior se dispone de una hidropipa con cerca de 7 mil litros de agua dura no apta para consumo, en los espacios de menor tama\u00f1o, mientras que en los m\u00e1s grandes se requiere de una pipa con 20 mil litros de agua, como en los Mercados Independencia y Revoluci\u00f3n.<\/p>\n","protected":false},"excerpt":{"rendered":"<p>En beneficio de miles de comerciantes y clientes de los mercados municipales y los espacios conocidos como \u201cTu Plaza\u201d, la administraci\u00f3n que dirige Wilfrido L\u00e1zaro Medina contin\u00faa con el programa de lavados y mantenimientos generales de estos puntos de venta, <\/p>\n","protected":false},"author":1,"featured_media":12954,"comment_status":"open","ping_status":"open","sticky":false,"template":"","format":"standard","meta":{"footnotes":""},"categories":[14,9],"tags":[],"class_list":["post-12953","post","type-post","status-publish","format-standard","has-post-thumbnail","hentry","category-destacadas","category-morelia"],"_links":{"self":[{"href":"https:\/\/radiowebmx.com\/nota\/wp-json\/wp\/v2\/posts\/12953","targetHints":{"allow":["GET"]}}],"collection":[{"href":"https:\/\/radiowebmx.com\/nota\/wp-json\/wp\/v2\/posts"}],"about":[{"href":"https:\/\/radiowebmx.com\/nota\/wp-json\/wp\/v2\/types\/post"}],"author":[{"embeddable":true,"href":"https:\/\/radiowebmx.com\/nota\/wp-json\/wp\/v2\/users\/1"}],"replies":[{"embeddable":true,"href":"https:\/\/radiowebmx.com\/nota\/wp-json\/wp\/v2\/comments?post=12953"}],"version-history":[{"count":1,"href":"https:\/\/radiowebmx.com\/nota\/wp-json\/wp\/v2\/posts\/12953\/revisions"}],"predecessor-version":[{"id":12955,"href":"https:\/\/radiowebmx.com\/nota\/wp-json\/wp\/v2\/posts\/12953\/revisions\/12955"}],"wp:featuredmedia":[{"embeddable":true,"href":"https:\/\/radiowebmx.com\/nota\/wp-json\/wp\/v2\/media\/12954"}],"wp:attachment":[{"href":"https:\/\/radiowebmx.com\/nota\/wp-json\/wp\/v2\/media?parent=12953"}],"wp:term":[{"taxonomy":"category","embeddable":true,"href":"https:\/\/radiowebmx.com\/nota\/wp-json\/wp\/v2\/categories?post=12953"},{"taxonomy":"post_tag","embeddable":true,"href":"https:\/\/radiowebmx.com\/nota\/wp-json\/wp\/v2\/tags?post=12953"}],"curies":[{"name":"wp","href":"https:\/\/api.w.org\/{rel}","templated":true}]}}