{"id":12949,"date":"2015-01-26T13:15:18","date_gmt":"2015-01-26T19:15:18","guid":{"rendered":"https:\/\/radiowebmx.com\/nota\/?p=12949"},"modified":"2015-01-26T13:15:18","modified_gmt":"2015-01-26T19:15:18","slug":"caravana-sepsol-llega-al-municipio-de-uruapan","status":"publish","type":"post","link":"https:\/\/radiowebmx.com\/nota\/caravana-sepsol-llega-al-municipio-de-uruapan\/","title":{"rendered":"CARAVANA SEPSOL LLEGA AL MUNICIPIO DE URUAPAN"},"content":{"rendered":"<p>Con el objetivo de incentivar el desarrollo productivo de las y los habitantes, la Caravana de atenci\u00f3n de la Secretar\u00eda de Pol\u00edtica Social (Sepsol), visita las comunidades michoacanas. En esta ocasi\u00f3n, personal de la dependencia recorri\u00f3 diversas colonias uruapenses en donde se desplegaron acciones en beneficio de la poblaci\u00f3n.<\/p>\n<p>A trav\u00e9s de la Direcci\u00f3n de Fortalecimiento Comunitario se brindaron capacitaciones en ecotecnolog\u00edas, como es la elaboraci\u00f3n de suavizante de telas, limpiador\u00a0 de cristales, y de cloro biodegradable.<\/p>\n<p>As\u00ed como de ecot\u00e9cnias para producir calentadores solares; de igual forma se cont\u00f3 con una amplia participaci\u00f3n en el taller de eleboraci\u00f3n de globos de cantoya.<\/p>\n<p>Este tipo de procesos se realizan con el fin de que las personas puedan replicar el conocimiento o bien obtengan un beneficio econ\u00f3mico que les permita tener un ingreso con la puesta en marcha de proyectos productivos.<\/p>\n<p>A trav\u00e9s de la Caravana Sepsol se han recorrido municipios michoacanos acercando servicios y brindando atenci\u00f3n a las familias, ya que adem\u00e1s de las capacitaciones se otorga orientaci\u00f3n en gesti\u00f3n comunitaria, conferencias de Nutrici\u00f3n dirigidas tanto a amas de casa como a poblaci\u00f3n infantil.<\/p>\n<p>En esta ocasi\u00f3n, durante la visita a Uruapan en la localidad de Jical\u00e1n, se hizo entrega de juguetes a las ni\u00f1as y ni\u00f1os asistentes, quienes tambi\u00e9n participaron en diferentes din\u00e1micas educativas realizadas por el personal de la dependencia.<\/p>\n<p>El secretario T\u00e9cnico de la Sepsol, Carlos \u00c1vila de la Sancha, precis\u00f3 que en el presente a\u00f1o se fortalecer\u00e1 la Caravana integrando nuevas acciones que permitan brindar mejores servicios y una atenci\u00f3n integral a la poblaci\u00f3n michoacana.<\/p>\n<p>\u201cCon este programa itinerante buscamos llegar a las comunidades de dif\u00edcil acceso, llevando herramientas \u00fatiles tanto para las personas de la tercera edad, adultos y para los ni\u00f1os, as\u00ed como fomentar la convivencia, las habilidades productivas y la cohesi\u00f3n social\u201d, coment\u00f3.<\/p>\n","protected":false},"excerpt":{"rendered":"<p>Con el objetivo de incentivar el desarrollo productivo de las y los habitantes, la Caravana de atenci\u00f3n de la Secretar\u00eda de Pol\u00edtica Social (Sepsol), visita las comunidades michoacanas. En esta ocasi\u00f3n, personal de la dependencia recorri\u00f3 diversas colonias uruapenses en donde se desplegaron acciones en beneficio de la poblaci\u00f3n.<\/p>\n","protected":false},"author":1,"featured_media":12950,"comment_status":"open","ping_status":"open","sticky":false,"template":"","format":"standard","meta":{"footnotes":""},"categories":[14,3],"tags":[],"class_list":["post-12949","post","type-post","status-publish","format-standard","has-post-thumbnail","hentry","category-destacadas","category-gobierno-del-estado-de-michoacan"],"_links":{"self":[{"href":"https:\/\/radiowebmx.com\/nota\/wp-json\/wp\/v2\/posts\/12949","targetHints":{"allow":["GET"]}}],"collection":[{"href":"https:\/\/radiowebmx.com\/nota\/wp-json\/wp\/v2\/posts"}],"about":[{"href":"https:\/\/radiowebmx.com\/nota\/wp-json\/wp\/v2\/types\/post"}],"author":[{"embeddable":true,"href":"https:\/\/radiowebmx.com\/nota\/wp-json\/wp\/v2\/users\/1"}],"replies":[{"embeddable":true,"href":"https:\/\/radiowebmx.com\/nota\/wp-json\/wp\/v2\/comments?post=12949"}],"version-history":[{"count":2,"href":"https:\/\/radiowebmx.com\/nota\/wp-json\/wp\/v2\/posts\/12949\/revisions"}],"predecessor-version":[{"id":12952,"href":"https:\/\/radiowebmx.com\/nota\/wp-json\/wp\/v2\/posts\/12949\/revisions\/12952"}],"wp:featuredmedia":[{"embeddable":true,"href":"https:\/\/radiowebmx.com\/nota\/wp-json\/wp\/v2\/media\/12950"}],"wp:attachment":[{"href":"https:\/\/radiowebmx.com\/nota\/wp-json\/wp\/v2\/media?parent=12949"}],"wp:term":[{"taxonomy":"category","embeddable":true,"href":"https:\/\/radiowebmx.com\/nota\/wp-json\/wp\/v2\/categories?post=12949"},{"taxonomy":"post_tag","embeddable":true,"href":"https:\/\/radiowebmx.com\/nota\/wp-json\/wp\/v2\/tags?post=12949"}],"curies":[{"name":"wp","href":"https:\/\/api.w.org\/{rel}","templated":true}]}}