{"id":1293,"date":"2013-02-12T12:37:50","date_gmt":"2013-02-12T18:37:50","guid":{"rendered":"https:\/\/radiowebmx.com\/nota\/?p=1293"},"modified":"2013-02-12T12:37:59","modified_gmt":"2013-02-12T18:37:59","slug":"se-renueva-alumbrado-publico-con-luminarias-tipo-led-en-beneficio-de-750-mil-habitantes","status":"publish","type":"post","link":"https:\/\/radiowebmx.com\/nota\/se-renueva-alumbrado-publico-con-luminarias-tipo-led-en-beneficio-de-750-mil-habitantes\/","title":{"rendered":"SE RENUEVA ALUMBRADO P\u00daBLICO CON LUMINARIAS TIPO LED EN BENEFICIO DE 750 MIL HABITANTES"},"content":{"rendered":"<p><img loading=\"lazy\" decoding=\"async\" class=\"alignnone\" src=\"http:\/\/img839.imageshack.us\/img839\/3531\/girafebrero119.jpg\" alt=\"\" width=\"591\" height=\"286\" \/>Con el firme objetivo de servir eficientemente a los morelianos,\u00a0 optimizando recursos econ\u00f3micos y gracias a la Suma de Voluntades con los gobierno Federal y Estatal, el\u00a0 Ayuntamiento de Morelia da resultados a los compromisos asumidos en materia de seguridad p\u00fablica y cuidado al medio ambiente. Este lunes el presidente municipal de Morelia, Wilfrido L\u00e1zaro Medina dio el banderazo de inici\u00f3 de la renovaci\u00f3n del Alumbrado P\u00fablico por Luminarias con Tecnolog\u00eda tipo Led para la contribuci\u00f3n\u00a0 en la disminuci\u00f3n de gases efecto invernadero y ahorro de energ\u00eda el\u00e9ctrica.<\/p>\n<p>Se trata de la\u00a0 sustituci\u00f3n de\u00a0 luminarias de vapor de sodio con potencias de 250 wats\u00a0 por l\u00e1mparas de tipo Led que son de 80\u00a0 y 130 wats, pero el principal objetivo es evitar la generaci\u00f3n de gases de efecto invernadero\u00a0 pasando de 440 toneladas de anuales de CO2 que generan las l\u00e1mparas tradicionales a 174 toneladas anuales, lo que representa 60 por ciento menos y ahorro en la facturaci\u00f3n\u00a0 hasta por 800 mil pesos por a\u00f1o.<\/p>\n<p>El director de Alumbrado P\u00fablico de Morelia, Cuitl\u00e1huac Romero Ram\u00edrez dio a conocer que ser\u00e1n renovadas 545 luminarias en\u00a0 puntos estrat\u00e9gicos como: Avenida Tecnol\u00f3gico y salida a Salamanca, Centro hist\u00f3rico de la Ciudad, El P\u00edpila, Avenida H\u00e9roes de Nocup\u00e9taro y entronque avenida Madero Poniente hasta llegar al puente vial\u00a0 elevado. La inversi\u00f3n ser\u00e1 de 5.3 millones de pesos y se estima beneficiar\u00e1 a 750 mil habitantes que todos los d\u00edas circular por esta v\u00edas de la ciudad, y para quienes viven en las colonias cercanas.<\/p>\n<p>En tanto, el\u00a0 secretario de Servicio P\u00fablico Municipales, Humberto Moreno Botello asegur\u00f3 que el gobierno municipal al frente de L\u00e1zaro Medina\u00a0 atiene el reclamo social, tanto de servicios, como de otros aspectos de igual relevancia como es la seguridad p\u00fablica.<\/p>\n<p>&nbsp;<\/p>\n<p>Tan s\u00f3lo en materia de iluminaci\u00f3n, la actual administraci\u00f3n de Morelia, est\u00e1 aplicando recursos por el orden de los 13.9 millones de pesos en alumbrado directo de 19 colonias ubicadas en los cuatro puntos cardinales y en comunidades colindantes con los vecinos municipios de Charo, Tar\u00edmbaro, hasta asentamientos del sur y sureste de Morelia.<\/p>\n<p>Paralelamente, indic\u00f3 que se contin\u00faan los trabajos de la iluminaci\u00f3n esc\u00e9nica de dos monumentos que son parte de la historia y cotidianidad, como son la Catedral de Morelia y el Acueducto.<\/p>\n<p>En tanto, el presidente municipal de Morelia, Wilfrido L\u00e1zaro Medina, asegur\u00f3 que en la medida que se mejoren los servicios de iluminaci\u00f3n y en general de servicios p\u00fablicos, en esa medida se podr\u00e1 reducir la inseguridad, y en Morelia \u201cVamos por muy buen camino\u201d.<\/p>\n<p>Pero adem\u00e1s, asegur\u00f3 que se trabaja en un Morelia Verde donde se hacen esfuerzos por ahorrar energ\u00eda y reducir los contaminantes que afectan el medio ambiente y esto se est\u00e1 logrando gracias a la Suma de Voluntades entre todas las \u00e1reas que opera la Secretar\u00eda de Servicios P\u00fablicos Municipales.<\/p>\n<p>El prop\u00f3sito, puntualiz\u00f3 el edil de la comuna es\u00a0 elevar la calidad de vida de los morelianos, \u201clo que m\u00e1s nos piden es seguridad, empleo y calidad en los servicios p\u00fablicos y uno es el alumbrado, tenemos que seguir trabajando en ese tema, no solo en las grandes vialidades, sino en todo el municipio para ser m\u00e1s eficientes en el alumbrado p\u00fablico, con toda seguridad llegamos a m\u00e1s morelianos\u201d.<\/p>\n<p>Acompa\u00f1ado por el secretario de Urbanismo y Medio Ambiente, Mauro Ballesteros Figueroa y el Sub Delegado\u00a0 de Planeaci\u00f3n y Fomento Sectorial de la SEMANRANT Delegaci\u00f3n Michoac\u00e1n Sergio Mendoza Guti\u00e9rrez, as\u00ed como regidores que integran el Cabildo de Morelia, el edil de la comuna, hizo un recorrido y supervis\u00f3 los trabajos de rehabilitaci\u00f3n y mejoramiento de la imagen urbana del jard\u00edn del P\u00edpila, donde se realizaron trabajos de limpieza de monumentos y fuentes, mantenimiento de sistema de agua y de iluminaci\u00f3n.<\/p>\n<p>En esta \u00e1rea se implement\u00f3 un sistema de riego en los 3 pol\u00edgonos, incluyendo la construcci\u00f3n de un aljibe para garantizar el suministro de agua con capacidad de almacenamiento de 10 mil litros de agua y se retiraron setos y plantas haciendo un banco para mejorar la tierra. Todo este trabajo, requiri\u00f3 de una inversi\u00f3n de 81 mil 500 pesos<\/p>\n<p>&nbsp;<\/p>\n<p>&nbsp;<\/p>\n<p>Hasta el momento se han atendido adem\u00e1s del P\u00edpila, el Jard\u00edn del Ancla, el de Telmex y el camell\u00f3n de la Avenida Juan pablo II, las Estelas de la Constituci\u00f3n y de Lomas del Valle. Los pr\u00f3ximos jardines ser\u00e1n, el monumento al General L\u00e1zaro C\u00e1rdenas y los camellones de la Avenida H\u00e9roes de Nocup\u00e9taro.<\/p>\n<p>Con el respaldo del Sindicato de Limpia representado por Marco Antonio Solorzano Orozco, L\u00e1zaro Medina dio el banderazo de salida de las 32 camiones de Aseo P\u00fablico que fueron balizados y pintados con la imagen institucional de la actual administraci\u00f3n y que estar\u00e1n al servicio de limpia de 190 colonias de Morelia. La nueva imagen de las unidades requiri\u00f3 de una inversi\u00f3n de 38 mil pesos.<\/p>\n<p>Los regidores Fernando Orozco Miranda, Marbella Romero N\u00fa\u00f1ez, Cuauhtli Yered Guzm\u00e1n Espit\u00eda, Jorge Alfredo Molina y Leticia Farf\u00e1n V\u00e1zquez acompa\u00f1aron al edil en este recorrido y reconocieron el trabajo que este gobierno municipal ha realizado a favor de la seguridad de los morelianos. Los legisladores de Morelia que celebraron la nueva imagen de los jardines visitados, y reconocieron el cambio de las luminarias ya que adem\u00e1s de brindar lugares iluminados, se ahorrar\u00e1n recursos econ\u00f3micos y se cuidar\u00e1 el medio ambiente.<\/p>\n<p>&nbsp;<\/p>\n<p>Finalmente el representante de los morelianos, visit\u00f3 el Jard\u00edn del Ancla, que fue adoptado por el Diario Provincia Michoac\u00e1n dentro del programa \u201cAdopta un Jard\u00edn\u201d. En este siti\u00f3 L\u00e1zaro Medina agradeci\u00f3 la participaci\u00f3n de este importante medio de comunicaci\u00f3n y del personal que ah\u00ed labora, pero en particular de su director Alonso Medina, quien crey\u00f3 en el Ayuntamiento y aport\u00f3 recursos econ\u00f3micos para mantener bella la imagen de este jard\u00edn.<\/p>\n<p>El empresario, exhort\u00f3 a quienes integran la Iniciativa Privada para que se sumen a estas causas a favor de Morelia, y asegur\u00f3 que el Diario Provincia Michoac\u00e1n est\u00e1 preocupado y ocupado por la ciudad de Morelia.<\/p>\n","protected":false},"excerpt":{"rendered":"<p>Con el firme objetivo de servir eficientemente a los morelianos,  optimizando recursos econ\u00f3micos y gracias a la Suma de Voluntades con los gobierno Federal y Estatal, el  Ayuntamiento de Morelia da resultados a los compromisos asumidos en materia de seguridad p\u00fablica y cuidado al medio ambiente. Este lunes el presidente municipal de Morelia, Wilfrido L\u00e1zaro Medina dio el banderazo de inici\u00f3 de la renovaci\u00f3n del Alumbrado P\u00fablico por Luminarias con Tecnolog\u00eda tipo Led para la contribuci\u00f3n  en la disminuci\u00f3n de gases efecto invernadero y ahorro de energ\u00eda el\u00e9ctrica.<\/p>\n","protected":false},"author":1,"featured_media":0,"comment_status":"open","ping_status":"open","sticky":false,"template":"","format":"standard","meta":{"footnotes":""},"categories":[9],"tags":[],"class_list":["post-1293","post","type-post","status-publish","format-standard","hentry","category-morelia"],"_links":{"self":[{"href":"https:\/\/radiowebmx.com\/nota\/wp-json\/wp\/v2\/posts\/1293","targetHints":{"allow":["GET"]}}],"collection":[{"href":"https:\/\/radiowebmx.com\/nota\/wp-json\/wp\/v2\/posts"}],"about":[{"href":"https:\/\/radiowebmx.com\/nota\/wp-json\/wp\/v2\/types\/post"}],"author":[{"embeddable":true,"href":"https:\/\/radiowebmx.com\/nota\/wp-json\/wp\/v2\/users\/1"}],"replies":[{"embeddable":true,"href":"https:\/\/radiowebmx.com\/nota\/wp-json\/wp\/v2\/comments?post=1293"}],"version-history":[{"count":2,"href":"https:\/\/radiowebmx.com\/nota\/wp-json\/wp\/v2\/posts\/1293\/revisions"}],"predecessor-version":[{"id":1295,"href":"https:\/\/radiowebmx.com\/nota\/wp-json\/wp\/v2\/posts\/1293\/revisions\/1295"}],"wp:attachment":[{"href":"https:\/\/radiowebmx.com\/nota\/wp-json\/wp\/v2\/media?parent=1293"}],"wp:term":[{"taxonomy":"category","embeddable":true,"href":"https:\/\/radiowebmx.com\/nota\/wp-json\/wp\/v2\/categories?post=1293"},{"taxonomy":"post_tag","embeddable":true,"href":"https:\/\/radiowebmx.com\/nota\/wp-json\/wp\/v2\/tags?post=1293"}],"curies":[{"name":"wp","href":"https:\/\/api.w.org\/{rel}","templated":true}]}}