{"id":12909,"date":"2015-01-23T13:17:14","date_gmt":"2015-01-23T19:17:14","guid":{"rendered":"https:\/\/radiowebmx.com\/nota\/?p=12909"},"modified":"2015-01-23T13:17:14","modified_gmt":"2015-01-23T19:17:14","slug":"el-plan-michoacan-y-la-comision-para-la-seguridad-y-el-desarrollo-integral-cambiaron-el-rostro-del-estado-sjg","status":"publish","type":"post","link":"https:\/\/radiowebmx.com\/nota\/el-plan-michoacan-y-la-comision-para-la-seguridad-y-el-desarrollo-integral-cambiaron-el-rostro-del-estado-sjg\/","title":{"rendered":"EL PLAN MICHOAC\u00c1N Y LA COMISI\u00d3N PARA LA SEGURIDAD Y EL DESARROLLO INTEGRAL CAMBIARON EL ROSTRO DEL ESTADO: SJG"},"content":{"rendered":"<p>La historia reciente de nuestro estado se puede dividir en dos etapas: una en la que la delincuencia organizada \u201cfue posesion\u00e1ndose del estado de derecho, y otra que inicia con la creaci\u00f3n de la Comisi\u00f3n para la Seguridad y Desarrollo Integral, y la implementaci\u00f3n del Plan Michoac\u00e1n que, entre otras cosas, consiguieron que los ciudadanos recuperaran sus actividades cotidianas laborales y de esparcimiento social\u201d, afirm\u00f3 el gobernador Salvador Jara Guerrero.<\/p>\n<p>Durante el acto de evaluaci\u00f3n del Plan Michoac\u00e1n, que junto con Salvador Jara presidieron en Palacio de Gobierno Miguel \u00c1ngel Osorio Chong, secretario de Gobernaci\u00f3n, y Alfredo Castillo Cervantes, comisionado para la Seguridad y el Desarrollo Integral, el mandatario estatal comparti\u00f3 una evaluaci\u00f3n cualitativa del trabajo realizado por la federaci\u00f3n para restablecer el estado de derecho y restaurar el tejido social en la entidad.<\/p>\n<p>Utiliz\u00f3 la analog\u00eda de un c\u00e1ncer que se expande para referir la forma en que la delincuencia organizada fue penetrando en la sociedad sin que los michoacanos se dieran cuenta, a tal grado que cada vez m\u00e1s municipios estuvieron en su poder; \u00a0\u201cpon\u00edan a los polic\u00edas, a funcionarios municipales, y a los presidentes municipales tambi\u00e9n\u201d, se\u00f1al\u00f3.<\/p>\n<p>Record\u00f3 que Michoac\u00e1n vivi\u00f3 eventos terribles como los granadazos del 15 de septiembre, y la violencia se apoder\u00f3 de la vida cotidiana y productiva: \u201cen los diarios ya aparec\u00edan enfrentamientos, decapitaciones, secuestros, homicidios, y guard\u00e1bamos silencio, parec\u00eda que no pasaba nada\u201d.<\/p>\n<p>La econom\u00eda interna tambi\u00e9n se vio impactada puesto que hace tres o cuatro a\u00f1os fueron cancelados eventos importantes y empresarios, como los organizadores de conciertos, optaron por no invertir en el estado; record\u00f3 que como rector de la Universidad Michoacana tuvo que cancelar una decena de congresos puesto que la gente no quer\u00eda venir a la entidad por temor a la inseguridad.<\/p>\n<p>Despu\u00e9s de enumerar diversos ejemplos de c\u00f3mo la delincuencia se apoder\u00f3 del estado de derecho con el prop\u00f3sito de hacer un comparativo con la situaci\u00f3n actual, lament\u00f3 que los humanos sean de memoria muy corta; \u201crecordamos casi siempre lo inmediato, recordamos lo que pas\u00f3 la semana pasada o hace dos semanas, y es muy triste porque se nos olvida cu\u00e1nto hemos avanzado\u201d.<\/p>\n<p>Salvador Jara subray\u00f3 que la creaci\u00f3n de la Comisi\u00f3n y la implementaci\u00f3n del Plan Michoac\u00e1n fueron medidas acordes con las condiciones extraordinarias de inseguridad y de violencia que se viv\u00edan en Michoac\u00e1n; \u201cuno no puede seguir actuando de manera ordinaria cuando la situaci\u00f3n extraordinaria requiere otras acciones\u201d.<\/p>\n<p>El gobernador afirm\u00f3 que \u201cse ha avanzado mucho, pero queda mucho por avanzar; ser\u00eda irresponsable decir que ya eso qued\u00f3 atr\u00e1s, no ha quedado\u201d, por lo que convoc\u00f3 a no bajar la guardia para mantener a Michoac\u00e1n en la ruta hacia la recuperaci\u00f3n del estado de derecho.<\/p>\n<p><b>EL GOBIERNO DE LA REP\u00daBLICA SEGUIR\u00c1 PRESENTE EN MICHOAC\u00c1N <\/b><\/p>\n<p>Por su parte, el secretario de Gobernaci\u00f3n federal, Miguel \u00c1ngel Osorio Chong, anunci\u00f3 que el presidente de la Rep\u00fablica, Enrique Pe\u00f1a Nieto, dada la importancia que da a las instituciones democr\u00e1ticas, a sus procesos y tiempos, decidi\u00f3 que el comisionado Alfredo Castillo Cervantes, concluya su encomienda en Michoac\u00e1n, y destac\u00f3, citando al mandatario estatal, que es indudable que los trabajos de la Comisi\u00f3n para la Seguridad y el Desarrollo Integral de Michoac\u00e1n, han marcado un antes y un despu\u00e9s en la entidad.<\/p>\n<p>No obstante lo anterior, afirm\u00f3 que el Gobierno de la Rep\u00fablica seguir\u00e1 presente en Michoac\u00e1n el tiempo que sea necesario y no se escatimar\u00e1n recursos ni esfuerzos para lograr el desarrollo que la ciudadan\u00eda requiere; \u201cel compromiso del presidente Enrique Pe\u00f1a Nieto con Michoac\u00e1n se mantiene y es absoluto\u201d, sostuvo.<\/p>\n<p>Osorio Chong aprovech\u00f3 para reconocer la colaboraci\u00f3n y el gran compromiso del gobernador Salvador Jara, quien reiter\u00f3, seguir\u00e1 contando con todo el respaldo del Gobierno de la Rep\u00fablica.<\/p>\n<p>Anunci\u00f3 adem\u00e1s que la federaci\u00f3n designa a partir de este d\u00eda a un mando especial para seguridad de Michoac\u00e1n que recaer\u00e1 en el general Felipe Gurrola Ram\u00edrez, quien coordinar\u00e1 los trabajos en esta materia con la autoridades estatal y municipales, as\u00ed como las tareas de los m\u00e1s de 6 mil elementos de la fuerzas federales que se encuentran en el estado.<\/p>\n<p>A la par de esta designaci\u00f3n, dijo, seguir\u00e1n los esfuerzos que se han venido realizando en materia de desarrollo integral, bajo la coordinaci\u00f3n del delegado de la Secretar\u00eda de Gobernaci\u00f3n.<\/p>\n<p>\u201cHoy podemos decir que la situaci\u00f3n es diferente a la de hace un a\u00f1o y esto lo pueden atestiguar ustedes y todos los que visitamos el estado, ello no quiere decir que todo est\u00e9 resuelto; la situaci\u00f3n de Michoac\u00e1n no puede solucionarse en un a\u00f1o, solo aquellos que buscan el aplauso f\u00e1cil pueden ofrecer resolverla de la noche a la ma\u00f1ana, no conociendo que lo que se logr\u00f3 o gener\u00f3 en este estado fue durante muchos a\u00f1os; son desaf\u00edos profundos, hist\u00f3ricos que seguir\u00e1n requiriendo de un gran esfuerzo. Como lo pueden constatar hoy este gran estado es m\u00e1s fuerte de lo que era hace un a\u00f1o y es lo que juntos hemos logrado, y con ese compromiso seguiremos trabajando para que en Michoac\u00e1n se multipliquen las oportunidades, para que Michoac\u00e1n siga avanzando en fortalecer sus instituciones y en generar las condiciones de seguridad que su poblaci\u00f3n merece\u201d, apunt\u00f3 Miguel \u00c1ngel Osorio.<\/p>\n<p>Antes, el comisionado para la Seguridad y el Desarrollo Integral, Alfredo Castillo Cervantes, dio los pormenores de las labores realizadas en el periodo de un a\u00f1o, desde la conformaci\u00f3n de esa figura, como la desarticulaci\u00f3n de la organizaci\u00f3n criminal que operaba en la entidad y que imped\u00eda el desarrollo de la misma.<\/p>\n<p>Refiri\u00f3 que con cifras del INEGI, en 2014 Michoac\u00e1n cerr\u00f3 siendo la entidad n\u00famero 19 con menor incidencia delictiva y la cuarta econom\u00eda que m\u00e1s creci\u00f3 de las 32 entidades\u00a0federativas.<\/p>\n<p>Tambi\u00e9n, de acuerdo al IMSS, el a\u00f1o que reci\u00e9n concluy\u00f3 no se perdieron empleos, por el contrario, se cotizaron 14 mil nuevos trabajos.<\/p>\n<p>En materia de seguridad, se redujo el n\u00famero de secuestros en un 90 por ciento, al pasar de 194 eventos en 2013, a s\u00f3lo 13 incidentes en 2014. Adem\u00e1s de que se instal\u00f3 un penal exclusivo para este tipo de delitos y se proces\u00f3 a 869 personas por dicho il\u00edcito.<\/p>\n<p>Castillo Cervantes reconoci\u00f3 que una profunda transformaci\u00f3n no se puede lograr en 12 meses, pero las bases est\u00e1n puestas para que el actual gobierno y el pr\u00f3ximo, tengan mejores condiciones.<\/p>\n<p>Finalmente, reconoci\u00f3 al jefe del Ejecutivo estatal, Salvador Jara, porque se ha convertido en pilar para caminar de la mano con la federaci\u00f3n, \u201cser\u00e1 reconocido usted por la valent\u00eda con que asumi\u00f3 el cargo y por mirar en todo momento a favor de los michoacanos\u201d.<\/p>\n","protected":false},"excerpt":{"rendered":"<p>La historia reciente de nuestro estado se puede dividir en dos etapas: una en la que la delincuencia organizada \u201cfue posesion\u00e1ndose del estado de derecho, y otra que inicia con la creaci\u00f3n de la Comisi\u00f3n para la Seguridad y Desarrollo Integral, y la implementaci\u00f3n del Plan Michoac\u00e1n que, entre otras cosas,<\/p>\n","protected":false},"author":1,"featured_media":12910,"comment_status":"open","ping_status":"open","sticky":false,"template":"","format":"standard","meta":{"footnotes":""},"categories":[14,3],"tags":[],"class_list":["post-12909","post","type-post","status-publish","format-standard","has-post-thumbnail","hentry","category-destacadas","category-gobierno-del-estado-de-michoacan"],"_links":{"self":[{"href":"https:\/\/radiowebmx.com\/nota\/wp-json\/wp\/v2\/posts\/12909","targetHints":{"allow":["GET"]}}],"collection":[{"href":"https:\/\/radiowebmx.com\/nota\/wp-json\/wp\/v2\/posts"}],"about":[{"href":"https:\/\/radiowebmx.com\/nota\/wp-json\/wp\/v2\/types\/post"}],"author":[{"embeddable":true,"href":"https:\/\/radiowebmx.com\/nota\/wp-json\/wp\/v2\/users\/1"}],"replies":[{"embeddable":true,"href":"https:\/\/radiowebmx.com\/nota\/wp-json\/wp\/v2\/comments?post=12909"}],"version-history":[{"count":1,"href":"https:\/\/radiowebmx.com\/nota\/wp-json\/wp\/v2\/posts\/12909\/revisions"}],"predecessor-version":[{"id":12911,"href":"https:\/\/radiowebmx.com\/nota\/wp-json\/wp\/v2\/posts\/12909\/revisions\/12911"}],"wp:featuredmedia":[{"embeddable":true,"href":"https:\/\/radiowebmx.com\/nota\/wp-json\/wp\/v2\/media\/12910"}],"wp:attachment":[{"href":"https:\/\/radiowebmx.com\/nota\/wp-json\/wp\/v2\/media?parent=12909"}],"wp:term":[{"taxonomy":"category","embeddable":true,"href":"https:\/\/radiowebmx.com\/nota\/wp-json\/wp\/v2\/categories?post=12909"},{"taxonomy":"post_tag","embeddable":true,"href":"https:\/\/radiowebmx.com\/nota\/wp-json\/wp\/v2\/tags?post=12909"}],"curies":[{"name":"wp","href":"https:\/\/api.w.org\/{rel}","templated":true}]}}