{"id":12906,"date":"2015-01-23T13:13:57","date_gmt":"2015-01-23T19:13:57","guid":{"rendered":"https:\/\/radiowebmx.com\/nota\/?p=12906"},"modified":"2015-01-23T13:13:57","modified_gmt":"2015-01-23T19:13:57","slug":"inaugura-lazaro-medina-red-de-agua-potable-en-buenavista-capula","status":"publish","type":"post","link":"https:\/\/radiowebmx.com\/nota\/inaugura-lazaro-medina-red-de-agua-potable-en-buenavista-capula\/","title":{"rendered":"INAUGURA L\u00c1ZARO MEDINA RED DE AGUA POTABLE  EN BUENAVISTA, CAPULA"},"content":{"rendered":"<p>Con una inversi\u00f3n total de 10 millones de pesos, el Ayuntamiento de Morelia, a trav\u00e9s de la Secretar\u00eda de Obras P\u00fablicas, construy\u00f3 la l\u00ednea de conducci\u00f3n de la red de agua potable de Buenavista, comunidad de la tenencia Capula, misma que fue inaugurada este jueves por el presidente municipal, Wilfrido L\u00e1zaro Medina.<\/p>\n<p>\u201c\u00c9sta es una obra de justicia social, en donde ponemos por delante el derecho que tenemos todos los morelianos de ser iguales: los que estamos aqu\u00ed y los que est\u00e1n\u00a0 en el Centro Hist\u00f3rico\u201d, afirm\u00f3 L\u00e1zaro Medina, quien expres\u00f3 que los pobladores ya no tienen que compartir el agua que consumen con su propio ganado, o tratar de purificarla con cal, en beneficio de su salud.<\/p>\n<p>El jefe de tenencia de Capula, Jos\u00e9 Catalino L\u00f3pez Pi\u00f1a, agradeci\u00f3 el apoyo sin precedentes brindado por el alcalde, en favor de la calidad de vida de los habitantes. De igual manera lo hizo el encargado del orden, Isidro Landa Contreras.<\/p>\n<p>La primera etapa de la edificaci\u00f3n de la red de agua potable, consisti\u00f3 en la construcci\u00f3n de un tanque superficial de 60 metros c\u00fabicos, durante el ejercicio fiscal 2012. El siguiente a\u00f1o, se realiz\u00f3 la instalaci\u00f3n de las l\u00edneas de conducci\u00f3n en 5 mil 500 metros, como segunda fase.<\/p>\n<p>Finalmente, en 2014 se efectu\u00f3 la rehabilitaci\u00f3n del pozo, con el desazolve, activaci\u00f3n del manto acu\u00edfero y cepillado de ranuras, adem\u00e1s se coloc\u00f3 una bomba con capacidad de 5 litros por segundo, se construy\u00f3 una subestaci\u00f3n el\u00e9ctrica para el bombeo y tuber\u00eda de acero de 90 metros lineales. Adicionalmente, se dispuso un tren de descarga, constituido por un medidor de flujo, v\u00e1lvulas de compuerta, de retenci\u00f3n check y de alivio.<\/p>\n<p>Al acto inaugural asisti\u00f3 tambi\u00e9n la se\u00f1ora Margarita Oribio de L\u00e1zaro, presidenta del DIF Morelia; el diputado Jos\u00e9 Guadalupe Ram\u00edrez; los secretarios de Turismo y de Desarrollo Social del municipio, Armando Enrique Rivera Ruiz y Carlos Hern\u00e1ndez L\u00f3pez, respectivamente; entre otros funcionarios.<\/p>\n","protected":false},"excerpt":{"rendered":"<p>Con una inversi\u00f3n total de 10 millones de pesos, el Ayuntamiento de Morelia, a trav\u00e9s de la Secretar\u00eda de Obras P\u00fablicas, construy\u00f3 la l\u00ednea de conducci\u00f3n de la red de agua potable de Buenavista, comunidad de la tenencia Capula, <\/p>\n","protected":false},"author":1,"featured_media":12907,"comment_status":"open","ping_status":"open","sticky":false,"template":"","format":"standard","meta":{"footnotes":""},"categories":[14,9],"tags":[],"class_list":["post-12906","post","type-post","status-publish","format-standard","has-post-thumbnail","hentry","category-destacadas","category-morelia"],"_links":{"self":[{"href":"https:\/\/radiowebmx.com\/nota\/wp-json\/wp\/v2\/posts\/12906","targetHints":{"allow":["GET"]}}],"collection":[{"href":"https:\/\/radiowebmx.com\/nota\/wp-json\/wp\/v2\/posts"}],"about":[{"href":"https:\/\/radiowebmx.com\/nota\/wp-json\/wp\/v2\/types\/post"}],"author":[{"embeddable":true,"href":"https:\/\/radiowebmx.com\/nota\/wp-json\/wp\/v2\/users\/1"}],"replies":[{"embeddable":true,"href":"https:\/\/radiowebmx.com\/nota\/wp-json\/wp\/v2\/comments?post=12906"}],"version-history":[{"count":1,"href":"https:\/\/radiowebmx.com\/nota\/wp-json\/wp\/v2\/posts\/12906\/revisions"}],"predecessor-version":[{"id":12908,"href":"https:\/\/radiowebmx.com\/nota\/wp-json\/wp\/v2\/posts\/12906\/revisions\/12908"}],"wp:featuredmedia":[{"embeddable":true,"href":"https:\/\/radiowebmx.com\/nota\/wp-json\/wp\/v2\/media\/12907"}],"wp:attachment":[{"href":"https:\/\/radiowebmx.com\/nota\/wp-json\/wp\/v2\/media?parent=12906"}],"wp:term":[{"taxonomy":"category","embeddable":true,"href":"https:\/\/radiowebmx.com\/nota\/wp-json\/wp\/v2\/categories?post=12906"},{"taxonomy":"post_tag","embeddable":true,"href":"https:\/\/radiowebmx.com\/nota\/wp-json\/wp\/v2\/tags?post=12906"}],"curies":[{"name":"wp","href":"https:\/\/api.w.org\/{rel}","templated":true}]}}