{"id":12903,"date":"2015-01-23T13:07:41","date_gmt":"2015-01-23T19:07:41","guid":{"rendered":"https:\/\/radiowebmx.com\/nota\/?p=12903"},"modified":"2015-01-23T13:07:41","modified_gmt":"2015-01-23T19:07:41","slug":"ayuntamiento-de-morelia-instala-paneles-solares-en-mercados","status":"publish","type":"post","link":"https:\/\/radiowebmx.com\/nota\/ayuntamiento-de-morelia-instala-paneles-solares-en-mercados\/","title":{"rendered":"AYUNTAMIENTO DE MORELIA INSTALA PANELES SOLARES EN MERCADOS"},"content":{"rendered":"<p>Con una visi\u00f3n sustentable, la administraci\u00f3n municipal que preside Wilfrido L\u00e1zaro Medina gestion\u00f3 recursos ante el gobierno federal por el orden de 6 millones 233 mil 890 pesos para introducir 454 paneles solares en los Mercados Independencia, Revoluci\u00f3n y Nicol\u00e1s Bravo, as\u00ed como en la Plaza Comercial San Juan, con lo que se obtendr\u00e1n ahorros econ\u00f3micos por 780 mil pesos anuales y se contribuir\u00e1 al cuidado ambiental.<\/p>\n<p>&nbsp;<\/p>\n<p>Mediante el proyecto \u201cAutogeneraci\u00f3n de Energ\u00eda El\u00e9ctrica Solar\u201d, el Ayuntamiento moreliano instal\u00f3 un sistema de paneles fotovoltaicos de celdas solares, mismo que representar\u00e1 un ahorro cercano al 90 por ciento en el consumo de la energ\u00eda proporcionada por la Comisi\u00f3n Federal de Electricidad (CFE) y con lo cual se ver\u00e1n beneficiados diariamente m\u00e1s de 2 mil comerciantes y 3 mil 500 clientes.<\/p>\n<p>&nbsp;<\/p>\n<p>Al ser el primer proyecto de este tipo en el estado y en la capital michoacana, \u00e9ste conlleva primordialmente un beneficio ecol\u00f3gico, pues se evitar\u00e1 la emisi\u00f3n anual a la atm\u00f3sfera de aproximadamente mil 105 toneladas de di\u00f3xido de carbono (CO<sub>2<\/sub>) o lo que equivaldr\u00eda a plantar 3 mil 699 \u00e1rboles.<\/p>\n<p>&nbsp;<\/p>\n<p>La Direcci\u00f3n de Protecci\u00f3n al Medio Ambiente de Morelia fue la dependencia encargada de ejecutar el proyecto para el que se gestionaron recursos federales en la Secretar\u00eda de Medio Ambiente y Recursos Naturales (SEMARNAT) y en el cual tambi\u00e9n participaron la Secretar\u00eda de Urbanismo y Medio Ambiente de Michoac\u00e1n (SUMA) y la Secretar\u00eda de Servicios P\u00fablicos Municipales a trav\u00e9s de las Direcciones de Mercados y Comercio en V\u00eda P\u00fablica y Alumbrado P\u00fablico.<\/p>\n<p>&nbsp;<\/p>\n<p>En el Mercado Independencia se colocaron 207 paneles solares, con lo que de acuerdo a un estudio se tendr\u00e1 un ahorro del 98.34 por ciento por concepto de energ\u00eda, es decir, 301 mil 762 pesos anuales. En t\u00e9rminos medioambientales se evitar\u00e1 la emisi\u00f3n a la atm\u00f3sfera de 460 mil kilogramos de CO<sub>2<\/sub>, equivalente a reforestar mil 533 \u00e1rboles y el beneficio ser\u00e1 de manera directa para 889 comerciantes y m\u00e1s de 2 mil visitantes diarios.<\/p>\n<p>&nbsp;<\/p>\n<p>En tanto, en el Mercado Revoluci\u00f3n se instalaron 104 unidades fotovoltaicas, representando un ahorro al 100 por ciento de los 153 mil 842 pesos que al a\u00f1o el Ayuntamiento cubre por concepto de energ\u00eda a la CFE. De esta forma, no se propagar\u00e1n al ambiente 235 mil kilogramos de CO<sub>2,\u00a0<\/sub>lo que corresponde a plantar 783 \u00e1rboles. En este espacio laboran 556 oferentes y se reciben m\u00e1s de 800 clientes al d\u00eda.<\/p>\n<p>&nbsp;<\/p>\n<p>La Plaza Comercial San Juan ahora contar\u00e1 con 100 paneles que permitir\u00e1n una econom\u00eda de 173 mil 139 pesos, es decir, el 88.36 por ciento; se dejar\u00e1n de emitir 250 mil kilogramos de CO<sub>2\u00a0<\/sub>o lo que es lo mismo, 833 \u00e1rboles plantados. Por d\u00eda, se beneficiar\u00e1n directamente 350 locatarios y 300 ciudadanos.<\/p>\n<p>&nbsp;<\/p>\n<p>Finalmente, en el Mercado Nicol\u00e1s Bravo, mejor conocido como \u201cSanto Ni\u00f1o\u201d, se colocaron 66 m\u00f3dulos fotovoltaicos para ahorrar el 59.81 por ciento de la facturaci\u00f3n el\u00e9ctrica que asciende a 151 mil 161 pesos anuales. El beneficio ambiental reducir\u00e1 la emisi\u00f3n de 160 mil kilogramos de CO<sub>2<\/sub>, es decir 550 \u00e1rboles sembrados y el apoyo ser\u00e1 para 218 comerciantes y m\u00e1s de 400 visitantes<\/p>\n","protected":false},"excerpt":{"rendered":"<p>Con una visi\u00f3n sustentable, la administraci\u00f3n municipal que preside Wilfrido L\u00e1zaro Medina gestion\u00f3 recursos ante el gobierno federal por el orden de 6 millones 233 mil 890 pesos para introducir 454 paneles solares en los Mercados Independencia, Revoluci\u00f3n y Nicol\u00e1s Bravo, as\u00ed como en la Plaza Comercial San Juan,<\/p>\n","protected":false},"author":1,"featured_media":12904,"comment_status":"open","ping_status":"open","sticky":false,"template":"","format":"standard","meta":{"footnotes":""},"categories":[14,9],"tags":[],"class_list":["post-12903","post","type-post","status-publish","format-standard","has-post-thumbnail","hentry","category-destacadas","category-morelia"],"_links":{"self":[{"href":"https:\/\/radiowebmx.com\/nota\/wp-json\/wp\/v2\/posts\/12903","targetHints":{"allow":["GET"]}}],"collection":[{"href":"https:\/\/radiowebmx.com\/nota\/wp-json\/wp\/v2\/posts"}],"about":[{"href":"https:\/\/radiowebmx.com\/nota\/wp-json\/wp\/v2\/types\/post"}],"author":[{"embeddable":true,"href":"https:\/\/radiowebmx.com\/nota\/wp-json\/wp\/v2\/users\/1"}],"replies":[{"embeddable":true,"href":"https:\/\/radiowebmx.com\/nota\/wp-json\/wp\/v2\/comments?post=12903"}],"version-history":[{"count":1,"href":"https:\/\/radiowebmx.com\/nota\/wp-json\/wp\/v2\/posts\/12903\/revisions"}],"predecessor-version":[{"id":12905,"href":"https:\/\/radiowebmx.com\/nota\/wp-json\/wp\/v2\/posts\/12903\/revisions\/12905"}],"wp:featuredmedia":[{"embeddable":true,"href":"https:\/\/radiowebmx.com\/nota\/wp-json\/wp\/v2\/media\/12904"}],"wp:attachment":[{"href":"https:\/\/radiowebmx.com\/nota\/wp-json\/wp\/v2\/media?parent=12903"}],"wp:term":[{"taxonomy":"category","embeddable":true,"href":"https:\/\/radiowebmx.com\/nota\/wp-json\/wp\/v2\/categories?post=12903"},{"taxonomy":"post_tag","embeddable":true,"href":"https:\/\/radiowebmx.com\/nota\/wp-json\/wp\/v2\/tags?post=12903"}],"curies":[{"name":"wp","href":"https:\/\/api.w.org\/{rel}","templated":true}]}}