{"id":12894,"date":"2015-01-21T13:23:06","date_gmt":"2015-01-21T19:23:06","guid":{"rendered":"https:\/\/radiowebmx.com\/nota\/?p=12894"},"modified":"2015-01-21T13:23:11","modified_gmt":"2015-01-21T19:23:11","slug":"ratifica-salvador-jara-disposicion-de-colaborar-con-las-fuerzas-armadas%e2%80%8f","status":"publish","type":"post","link":"https:\/\/radiowebmx.com\/nota\/ratifica-salvador-jara-disposicion-de-colaborar-con-las-fuerzas-armadas%e2%80%8f\/","title":{"rendered":"Ratifica Salvador Jara disposici\u00f3n de colaborar con las fuerzas armadas\u200f"},"content":{"rendered":"<p>El gobernador de Michoac\u00e1n, Salvador Jara Guerrero, asisti\u00f3 como invitado a la ceremonia de entrega-recepci\u00f3n del mando de la D\u00e9cima Zona Naval, con sede en el puerto de L\u00e1zaro C\u00e1rdenas.<\/p>\n<p>&nbsp;<\/p>\n<p>El mandatario estatal felicit\u00f3 al vicealmirante Alfredo Morales Mendoza, qui\u00e9n rindi\u00f3 protesta como nuevo comandante de la D\u00e9cima Zona Naval, y le ratific\u00f3 la disposici\u00f3n de su gobierno a colaborar con las fuerzas armadas para preservar la paz en el territorio estatal y la tranquilidad de los michoacanos.<\/p>\n<p>&nbsp;<\/p>\n<p>El contralmirante Hern\u00e1n Cano Hern\u00e1ndez, entreg\u00f3 el mando a Morales Mendoza, que en 45 a\u00f1os de trayectoria en la Armada de M\u00e9xico ha recibido diversas condecoraciones y cursado maestr\u00edas en Administraci\u00f3n naval, y en Administraci\u00f3n militar para la seguridad nacional, entre otros estudios.<\/p>\n<p>&nbsp;<\/p>\n<p>A la ceremonia de entrega de mando asistieron tambi\u00e9n el comisionado para la Seguridad y Desarrollo Integral de Michoac\u00e1n, Alfredo Castillo Cervantes; Juan Antonio Maga\u00f1a de la Mora, presidente del Supremo Tribunal de Justicia de Michoac\u00e1n; Sarbelio Molina V\u00e9lez, presidente de la Mesa Directiva del Congreso del estado, y Rogelio Filiberto Ortega Camargo, presidente municipal de L\u00e1zaro C\u00e1rdenas, entre otras autoridades civiles, militares y navales.<\/p>\n","protected":false},"excerpt":{"rendered":"<p>El gobernador de Michoac\u00e1n, Salvador Jara Guerrero, asisti\u00f3 como invitado a la ceremonia de entrega-recepci\u00f3n del mando de la D\u00e9cima Zona Naval, con sede en el puerto de L\u00e1zaro C\u00e1rdenas.<\/p>\n","protected":false},"author":1,"featured_media":0,"comment_status":"open","ping_status":"open","sticky":false,"template":"","format":"standard","meta":{"footnotes":""},"categories":[3],"tags":[],"class_list":["post-12894","post","type-post","status-publish","format-standard","hentry","category-gobierno-del-estado-de-michoacan"],"_links":{"self":[{"href":"https:\/\/radiowebmx.com\/nota\/wp-json\/wp\/v2\/posts\/12894","targetHints":{"allow":["GET"]}}],"collection":[{"href":"https:\/\/radiowebmx.com\/nota\/wp-json\/wp\/v2\/posts"}],"about":[{"href":"https:\/\/radiowebmx.com\/nota\/wp-json\/wp\/v2\/types\/post"}],"author":[{"embeddable":true,"href":"https:\/\/radiowebmx.com\/nota\/wp-json\/wp\/v2\/users\/1"}],"replies":[{"embeddable":true,"href":"https:\/\/radiowebmx.com\/nota\/wp-json\/wp\/v2\/comments?post=12894"}],"version-history":[{"count":2,"href":"https:\/\/radiowebmx.com\/nota\/wp-json\/wp\/v2\/posts\/12894\/revisions"}],"predecessor-version":[{"id":12896,"href":"https:\/\/radiowebmx.com\/nota\/wp-json\/wp\/v2\/posts\/12894\/revisions\/12896"}],"wp:attachment":[{"href":"https:\/\/radiowebmx.com\/nota\/wp-json\/wp\/v2\/media?parent=12894"}],"wp:term":[{"taxonomy":"category","embeddable":true,"href":"https:\/\/radiowebmx.com\/nota\/wp-json\/wp\/v2\/categories?post=12894"},{"taxonomy":"post_tag","embeddable":true,"href":"https:\/\/radiowebmx.com\/nota\/wp-json\/wp\/v2\/tags?post=12894"}],"curies":[{"name":"wp","href":"https:\/\/api.w.org\/{rel}","templated":true}]}}