{"id":12891,"date":"2015-01-21T13:07:48","date_gmt":"2015-01-21T19:07:48","guid":{"rendered":"https:\/\/radiowebmx.com\/nota\/?p=12891"},"modified":"2015-01-21T13:07:48","modified_gmt":"2015-01-21T19:07:48","slug":"se-ratifica-el-convenio-imced-itaimich","status":"publish","type":"post","link":"https:\/\/radiowebmx.com\/nota\/se-ratifica-el-convenio-imced-itaimich\/","title":{"rendered":"SE RATIFICA EL CONVENIO IMCED-ITAIMICH"},"content":{"rendered":"<p>Con el prop\u00f3sito de continuar con los mecanismos para la colaboraci\u00f3n y apoyo entre el Instituto Michoacano de Ciencias de la Educaci\u00f3n y el Instituto para la Transparencia y Acceso a la Informaci\u00f3n P\u00fablica del Estado de Michoac\u00e1n, adem\u00e1s de desarrollar acciones de capacitaci\u00f3n, difusi\u00f3n y promoci\u00f3n del derecho de acceso a la informaci\u00f3n p\u00fablica, la transparencia y la protecci\u00f3n de datos personales, que permitan un mejor y mayor ejercicio del derecho de acceso a la informaci\u00f3n p\u00fablica a trav\u00e9s de todos los medios que est\u00e9n a su alcance,\u00a0 hoy fue ratificado el acuerdo de colaboraci\u00f3n existente entre ambas instancias.<\/p>\n<p>&nbsp;<\/p>\n<p>Ante la presencia de las autoridades de ambas dependencias, Leopoldo Romero Ochoa y Ulises Merino Garc\u00eda, consejeros presidentes; y Jos\u00e9 Antonio Macouzet Guerrero, director de transparencia del ITAIMICH, as\u00ed como de Javier Irepan Hacha, director del IMCED, Enrique Vargas Garc\u00eda y Ra\u00fal Jim\u00e9nez Huizar, subdirectores acad\u00e9mico y de planeaci\u00f3n, respectivamente, qued\u00f3 asentado durante la reuni\u00f3n que no seremos una sociedad verdaderamente democr\u00e1tica si no se respetan los derechos de protecci\u00f3n de datos y acceso a la informaci\u00f3n.<\/p>\n<p>&nbsp;<\/p>\n<p>Los representantes del Itaimich ratificaron que coadyuvar\u00e1n con el IMCED para lograr la transparencia que permitir\u00e1 la formaci\u00f3n de ciudadanos verdaderamente democr\u00e1ticos, porque \u201csin educaci\u00f3n no se pueden generar cambios en la cultura\u201d.<\/p>\n<p>&nbsp;<\/p>\n<p>Explicaron que la ratificaci\u00f3n del acuerdo signado en mayo de 2014 con el instituto no ha representado un convenio m\u00e1s, puesto que existen m\u00e1s acciones en su interior derivadas de que la dependencia est\u00e1 sujeta a obligaciones ante la Itaimich y al derecho a la informaci\u00f3n, por lo que ahora se ratifica dicha obligaci\u00f3n ante la ley.<\/p>\n<p>&nbsp;<\/p>\n<p>A su vez, el subdirector acad\u00e9mico Enrique Vargas Garc\u00eda, consider\u00f3 que el convenio firmado permite acciones que generan la posibilidad de entender lo que es la transparencia y la rendici\u00f3n de cuentas; hizo un llamado para que no d\u00e9 la resistencia al cambio, aunque \u00e9ste sea doloroso.<\/p>\n<p>&nbsp;<\/p>\n<p>Conforme a las cl\u00e1usulas del convenio, el Itaimich est\u00e1 comprometido a brindar asesor\u00edas en materia de conocimiento de la Ley de Transparencia y Acceso a la Informaci\u00f3n P\u00fablica, derecho de acceso a la informaci\u00f3n p\u00fablica, transparencia, rendici\u00f3n de cuentas, protecci\u00f3n de datos personales y publicaci\u00f3n de la informaci\u00f3n de oficio en sus portales web.<\/p>\n<p>&nbsp;<\/p>\n<p>&nbsp;<\/p>\n<p>&nbsp;<\/p>\n<p>De la misma manera, realizan de manera conjunta actividades y eventos encaminados a la promoci\u00f3n y difusi\u00f3n del derecho de acceso a la informaci\u00f3n, junto con la elaboraci\u00f3n conjunta de cursos de capacitaci\u00f3n y formaci\u00f3n en la que participen los miembros del IMCED en el mismo tema.<\/p>\n<p>&nbsp;<\/p>\n<p>Por otro lado, se organizar\u00e1n cursos, talleres y seminarios de actualizaci\u00f3n para el personal de ambas partes y de todo aquel ciudadano que est\u00e9 interesado, a la par que se difunda el material que las partes convengan a trav\u00e9s de sus respectivos medios de difusi\u00f3n.<\/p>\n<p>&nbsp;<\/p>\n<p>Para cumplir con lo anterior, ambas partes acordaron continuar celebrando convenios o acuerdos espec\u00edficos, los cuales deber\u00e1n contemplar, cuando menos, el programa materia del mismo, las tareas, objetivos y acciones a desarrollar, as\u00ed como los derechos y obligaciones que a cada parte corresponden de manera adicional a lo establecido en el convenio.<\/p>\n<p>&nbsp;<\/p>\n<p>Es de destacarse que los firmantes podr\u00e1n determinar otros temas de inter\u00e9s com\u00fan sobre los que podr\u00e1n colaborar y que trat\u00e1ndose de publicaciones, ya sea en papel, disquetes, discos compactos o cualquier otro soporte documental, elaborados de manera conjunta, ambos fijar\u00e1n las reglas para el intercambio de la producci\u00f3n editorial que generen y la reserva de los derechos morales y patrimoniales quedar\u00e1 registrada para ambas instituciones.<\/p>\n<p>&nbsp;<\/p>\n","protected":false},"excerpt":{"rendered":"<p>Con el prop\u00f3sito de continuar con los mecanismos para la colaboraci\u00f3n y apoyo entre el Instituto Michoacano de Ciencias de la Educaci\u00f3n y el Instituto para la Transparencia y Acceso a la Informaci\u00f3n P\u00fablica del Estado de Michoac\u00e1n, adem\u00e1s de desarrollar acciones de capacitaci\u00f3n, <\/p>\n","protected":false},"author":1,"featured_media":12892,"comment_status":"open","ping_status":"open","sticky":false,"template":"","format":"standard","meta":{"footnotes":""},"categories":[14,3],"tags":[],"class_list":["post-12891","post","type-post","status-publish","format-standard","has-post-thumbnail","hentry","category-destacadas","category-gobierno-del-estado-de-michoacan"],"_links":{"self":[{"href":"https:\/\/radiowebmx.com\/nota\/wp-json\/wp\/v2\/posts\/12891","targetHints":{"allow":["GET"]}}],"collection":[{"href":"https:\/\/radiowebmx.com\/nota\/wp-json\/wp\/v2\/posts"}],"about":[{"href":"https:\/\/radiowebmx.com\/nota\/wp-json\/wp\/v2\/types\/post"}],"author":[{"embeddable":true,"href":"https:\/\/radiowebmx.com\/nota\/wp-json\/wp\/v2\/users\/1"}],"replies":[{"embeddable":true,"href":"https:\/\/radiowebmx.com\/nota\/wp-json\/wp\/v2\/comments?post=12891"}],"version-history":[{"count":1,"href":"https:\/\/radiowebmx.com\/nota\/wp-json\/wp\/v2\/posts\/12891\/revisions"}],"predecessor-version":[{"id":12893,"href":"https:\/\/radiowebmx.com\/nota\/wp-json\/wp\/v2\/posts\/12891\/revisions\/12893"}],"wp:featuredmedia":[{"embeddable":true,"href":"https:\/\/radiowebmx.com\/nota\/wp-json\/wp\/v2\/media\/12892"}],"wp:attachment":[{"href":"https:\/\/radiowebmx.com\/nota\/wp-json\/wp\/v2\/media?parent=12891"}],"wp:term":[{"taxonomy":"category","embeddable":true,"href":"https:\/\/radiowebmx.com\/nota\/wp-json\/wp\/v2\/categories?post=12891"},{"taxonomy":"post_tag","embeddable":true,"href":"https:\/\/radiowebmx.com\/nota\/wp-json\/wp\/v2\/tags?post=12891"}],"curies":[{"name":"wp","href":"https:\/\/api.w.org\/{rel}","templated":true}]}}