{"id":12840,"date":"2015-01-20T11:54:26","date_gmt":"2015-01-20T17:54:26","guid":{"rendered":"https:\/\/radiowebmx.com\/nota\/?p=12840"},"modified":"2015-01-20T11:54:26","modified_gmt":"2015-01-20T17:54:26","slug":"continua-instalacion-de-sistema-de-riego-por-aspersion-en-avenida-camelinas","status":"publish","type":"post","link":"https:\/\/radiowebmx.com\/nota\/continua-instalacion-de-sistema-de-riego-por-aspersion-en-avenida-camelinas\/","title":{"rendered":"CONTIN\u00daA INSTALACI\u00d3N DE SISTEMA DE RIEGO POR ASPERSI\u00d3N EN AVENIDA CAMELINAS"},"content":{"rendered":"<p>El Ayuntamiento que preside Wilfrido L\u00e1zaro Medina contin\u00faa la instalaci\u00f3n del sistema de riego por aspersi\u00f3n en los camellones laterales de la avenida Camelinas y actualmente trabaja en el lado sur de la vialidad, con lo cual cumple su compromiso de mantener un \u201cMorelia Verde\u201d.<\/p>\n<p>&nbsp;<\/p>\n<p>La inversi\u00f3n para la obra es de un mill\u00f3n 300 mil pesos, que se aplicar\u00e1n en 4 kil\u00f3metros lineales de \u00e1reas verdes, desde el cruce con la avenida Ventura Puente hasta el Monumento a la Marina, popularmente conocido como \u201cEl Ancla\u201d.<\/p>\n<p>&nbsp;<\/p>\n<p>Posterior a la colocaci\u00f3n de la tuber\u00eda hidr\u00e1ulica y el\u00e9ctrica, la Direcci\u00f3n de Parques y Jardines del municipio har\u00e1 la reposici\u00f3n de tierra, pasto y plantas de distintas especies, con el prop\u00f3sito de otorgar una imagen agradable a una de las r\u00faas m\u00e1s transitadas de la capital michoacana.<\/p>\n<p>&nbsp;<\/p>\n<p>Gracias al nuevo sistema de riego, el Gobierno Municipal podr\u00e1 ahorrar diariamente cuatro pipas de agua, es decir, m\u00e1s de 80 mil litros que a\u00fan se utilizan en ambos camellones, que en t\u00e9rminos econ\u00f3micos representan 2 mil 400 pesos por d\u00eda, beneficio que tambi\u00e9n implica mayor conservaci\u00f3n del l\u00edquido para mantener en buen estado otros espacios jardinados.<\/p>\n<p>&nbsp;<\/p>\n<p>De igual manera, evitar\u00e1 el entorpecimiento del tr\u00e1nsito vehicular originado por el avance lento de las pipas; no habr\u00e1 dispersi\u00f3n de la tierra o deterioro de plantas a causa del fuerte impacto que provoca el riego manual, y garantiza que en cualquier \u00e9poca del a\u00f1o, la avenida Camelinas permanecer\u00e1 verde, al nutrirse con agua en el lapso de una hora.<\/p>\n","protected":false},"excerpt":{"rendered":"<p>El Ayuntamiento que preside Wilfrido L\u00e1zaro Medina contin\u00faa la instalaci\u00f3n del sistema de riego por aspersi\u00f3n en los camellones laterales de la avenida Camelinas y actualmente trabaja en el lado sur de la vialidad, con lo cual cumple su compromiso de mantener un \u201cMorelia Verde\u201d.<\/p>\n","protected":false},"author":1,"featured_media":12841,"comment_status":"open","ping_status":"open","sticky":false,"template":"","format":"standard","meta":{"footnotes":""},"categories":[14,9],"tags":[],"class_list":["post-12840","post","type-post","status-publish","format-standard","has-post-thumbnail","hentry","category-destacadas","category-morelia"],"_links":{"self":[{"href":"https:\/\/radiowebmx.com\/nota\/wp-json\/wp\/v2\/posts\/12840","targetHints":{"allow":["GET"]}}],"collection":[{"href":"https:\/\/radiowebmx.com\/nota\/wp-json\/wp\/v2\/posts"}],"about":[{"href":"https:\/\/radiowebmx.com\/nota\/wp-json\/wp\/v2\/types\/post"}],"author":[{"embeddable":true,"href":"https:\/\/radiowebmx.com\/nota\/wp-json\/wp\/v2\/users\/1"}],"replies":[{"embeddable":true,"href":"https:\/\/radiowebmx.com\/nota\/wp-json\/wp\/v2\/comments?post=12840"}],"version-history":[{"count":1,"href":"https:\/\/radiowebmx.com\/nota\/wp-json\/wp\/v2\/posts\/12840\/revisions"}],"predecessor-version":[{"id":12842,"href":"https:\/\/radiowebmx.com\/nota\/wp-json\/wp\/v2\/posts\/12840\/revisions\/12842"}],"wp:featuredmedia":[{"embeddable":true,"href":"https:\/\/radiowebmx.com\/nota\/wp-json\/wp\/v2\/media\/12841"}],"wp:attachment":[{"href":"https:\/\/radiowebmx.com\/nota\/wp-json\/wp\/v2\/media?parent=12840"}],"wp:term":[{"taxonomy":"category","embeddable":true,"href":"https:\/\/radiowebmx.com\/nota\/wp-json\/wp\/v2\/categories?post=12840"},{"taxonomy":"post_tag","embeddable":true,"href":"https:\/\/radiowebmx.com\/nota\/wp-json\/wp\/v2\/tags?post=12840"}],"curies":[{"name":"wp","href":"https:\/\/api.w.org\/{rel}","templated":true}]}}