{"id":12833,"date":"2015-01-20T11:41:49","date_gmt":"2015-01-20T17:41:49","guid":{"rendered":"https:\/\/radiowebmx.com\/nota\/?p=12833"},"modified":"2015-01-20T11:41:49","modified_gmt":"2015-01-20T17:41:49","slug":"temas-de-cafe-246","status":"publish","type":"post","link":"https:\/\/radiowebmx.com\/nota\/temas-de-cafe-246\/","title":{"rendered":"TEMAS DE CAF\u00c9"},"content":{"rendered":"<ul>\n<li><a href=\"https:\/\/radiowebmx.com\/nota\/wp-content\/uploads\/2013\/06\/temas-de-cafe.jpg\"><img loading=\"lazy\" decoding=\"async\" class=\"alignleft size-full wp-image-2805\" alt=\"temas de cafe\" src=\"https:\/\/radiowebmx.com\/nota\/wp-content\/uploads\/2013\/06\/temas-de-cafe.jpg\" width=\"295\" height=\"171\" \/><\/a>MORELIA JOYA DE LA CORONA<\/li>\n<li>PRD, PRI, PAN TRAS ALCALDIA<\/li>\n<li>MA\u00d1ANA OTRO INFIERNO VIAL<\/li>\n<li>JARA HAY DINERO: JDO NO HAY<\/li>\n<\/ul>\n<p>Indiscutiblemente Morelia es la Joya de la Corona, tiene el 24 por ciento de la votaci\u00f3n estatal, el partido que gane Morelia tiene grandes posibilidades, de ganar el gobierno del estado, porque aportar\u00eda al ganador, m\u00e1s de cien mil votos y como estar\u00e1 proceso electoral, ser\u00e1 como algunos procesos pasados, en tercios as\u00ed que quien gane el gobierno estatal, seguramente no superar\u00e1 la diferencia de 50 mil votos, por lo cual se espera una contienda cerrada, complicada aunque creemos que la lucha ser\u00e1 entre el PRD y el PRI, mientras que el PAN tendr\u00e1 que trabajar mucho, para tratar de igualar las cifras electorales, porque Luisa Mar\u00eda hoy est\u00e1 lejos de la campa\u00f1a anterior, esta es sumamente austera y as\u00ed dif\u00edcilmente se ganan las elecciones.<\/p>\n<p>EL PRD SE INTERESA EN SERIO POR MORELIA<\/p>\n<p>Pocas veces el PRD se ha interesado en serio por Morelia, a posar de lo que significa electoralmente, hoy es la primera vez que se registran despu\u00e9s de muchos a\u00f1os, personajes de primer nivel, como es el caso de\u00a0 Juan Carlos Barrag\u00e1n, Cristina Portillo y Antonio Soto, y es justo de detenernos un poco en Claudio M\u00e9ndez Fern\u00e1ndez, porque a pesar de que naci\u00f3 en Morelia y se gradu\u00f3, en la Facultad de Derecho y Ciencias Sociales, de la Universidad Michoacana, no es el tradicional personaje, que se interesa por la pol\u00edtica.<\/p>\n<p>Claudio M\u00e9ndez Fern\u00e1ndez le gusta la pol\u00edtica, pero tiene otra visi\u00f3n, refresca a la clase pol\u00edtica ya que si visi\u00f3n obviamente es\u00a0 muy diferente, ya que ha estado en el consulado mexicano en Seattle, ha sido asesor de la coordinaci\u00f3n estatal para la atenci\u00f3n al migrante, tambi\u00e9n ha sido director general del Instituto Michoacano para los Migrantes en el Extranjero y director general, adem\u00e1s es coordinador general de la oficina regional de la Iniciativa Ciudadana, para la Promoci\u00f3n de la Cultura del Di\u00e1logo en Morelia, por lo que es satisfactorio que una persona como Claudio, se interese por ayudar a solucionar, los problemas de Morelia.<\/p>\n<p>IVAN PEREZ NEGRON, ERNESTO, CARLOS RIO, JAIME DARIO<\/p>\n<p>En cuanto a los aspirantes del PRI para Morelia, la mayor\u00eda son personajes de mucho peso, tanto pol\u00edtico como administrativo, tenemos el caso de Iv\u00e1n P\u00e9rez-Negr\u00f3n Ruiz, un personaje que tambi\u00e9n refresca a la clase pol\u00edtica tradicional, ya que su trayectoria es administrativa con experiencia en finanzas, \u00e9l es responsable de la estabilidad financiera del municipio moreliano, hoy su perfil es el adecuado para Morelia,\u00a0 tambi\u00e9n destaca Ernesto N\u00fa\u00f1ez, quien como presidente de la Comisi\u00f3n de Desarrollo Municipal en el Congreso federal, seguramente tendr\u00e1 muchas propuestas para ayudar, a solucionar los problemas torales de Morelia.<\/p>\n<p>Carlos R\u00edo desde luego es otro perfil interesante, ya que ha estado en las \u00e1reas financieras m\u00e1s importantes del estado, en la Secretar\u00eda de Finanzas del gobierno del estado as\u00ed como en la Tesorer\u00eda\u00a0 del Ayuntamiento Moreliana, adem\u00e1s en el Predial de Morelia, o sea que sabe tambi\u00e9n sobre los problemas de finanzas, que hoy son los principales en el gobierno del estado, pero seguramente ser\u00e1 de gran ayuda en el caso de que logre la candidatura, a la presidencia municipal de Morelia.<\/p>\n<p>JAIME\u00a0 DARIO TAMBIEN ES CASO ESPECIAL<\/p>\n<p>Jaime Dar\u00edo Oseguera es un caso especial, actualmente es secretario de gobierno con muchos problemas, ya fue dirigente estatal del PRI, donde dej\u00f3 muchos pendientes, es diputado local con el apoyo de Fausto Vallejo, pero hoy es pieza importante en el equipo, del candidato al gobierno del estado, Chon Orihuela y se asegura que la propuso, a la actual dirigente estatal del PRI, Rosalva Vanegas la sindicatura para\u00a0 integrar la f\u00f3rmula para Morelia.<\/p>\n<p>JESUS HERNANDEZ Y MARIO ARMANDO<\/p>\n<p>Como est\u00e1n las cosas de salir Jaime Dar\u00edo y Rosalva,\u00a0 el primero de la secretar\u00eda de gobierno y la segunda de la dirigencia estatal, llegar\u00edan sin muchos problemas Jes\u00fas Hern\u00e1ndez Pe\u00f1a a la dirigencia estatal del PRI, mientras que Mario Armando Mendoza ocupar\u00eda la Secretar\u00eda de Gobierno, porque algunos ubican ah\u00ed a Agust\u00edn Trujillo pero \u00e9l se ir\u00e1 a ocupar el esca\u00f1o, que dej\u00f3 vacante Chon Orihuela.<\/p>\n<p>JARA SI HAY DINERO; JAIME DARIO NO HAY<\/p>\n<p>Ayer el gobernador dio un buen mensaje a los michoacanos, dijo que si hay dinero para cubrir las obligaciones del Gobierno, porque en ocho meses ha puesto orden en las finanzas del estado, esto es bueno porque el problema hoy es que no hay dinero, para que el estado pague sus deudas, pero ante la amenaza de las organizaciones agrupadas, en el Frente C\u00edvico Social de pr\u00e1cticamente paralizar, la ciudad el d\u00eda de ma\u00f1ana mi\u00e9rcoles, buscando llamar la atenci\u00f3n del gobierno, sobre diversos pendientes que tiene con los diferentes gremios, adheridos al Frente\u00a0 C\u00edvico Social que van desde el Staspe, hasta sindicatos como el del Colegio de Bachilleres.<\/p>\n<p>Podr\u00edan\u00a0 realizar la misma estrategia que aplic\u00f3 el Staspe, hace unos d\u00edas cuando bloquearon todo Morelia, ahora ir\u00e1n contra centros comerciales, plazas \u00a0en fin alterar\u00e1n el funcionamiento de los morelianos, si es que el Gobierno no hace caso a su llamado, y es que dijo Antonio Ferreira si el gobierno atiende las exigencias de los gremios, se podr\u00eda disminuir o suspender las actividades de este mi\u00e9rcoles, la pelota est\u00e1 en el campo del gobierno,\u00a0 mientras Jaime Dar\u00edo afirma que no has dinero para satisfacer las exigencias del Staspe.<\/p>\n<p>DESPUES DE LAS ELECCIONES, NO DEBE HABER COMISIONADO<\/p>\n<p>Los tres aspirantes al gobierno de Michoac\u00e1n, m\u00e1s o menos coincidieron en afirmar, que la figura del Comisionado no deber\u00eda tener raz\u00f3n de mantenerse en la entidad, despu\u00e9s de las elecciones del 7 de junio,\u00a0 Chon por ejemplo dijo que no se ve gobernando el estado con la figura del Comisionado, aunque dijo que no ten\u00eda la informaci\u00f3n para opinar, si se debe ir o quedar el Comisionado.<\/p>\n<p>En el caso de Luisa Mar\u00eda y Silvano, fueron m\u00e1s contundentes ella dijo que la figura del Comisionado, no es necesaria ya que los problemas de seguridad se deben tratar, con el Secretario de Gobernaci\u00f3n, mientras tanto Silvano afirm\u00f3 que la estancia del Comisionado en la entidad, violenta la Constituci\u00f3n Mexicana, adem\u00e1s asume facultades exclusivas del gobernador del estado.<\/p>\n<p>MIGUEL ANGEL OSORIO CHONG, PRESENTO SU RENUNCIA<\/p>\n<p>Aunque lo hemos criticado varias veces, con la noticia que \u00a0ayer dio a conocer Ciro G\u00f3mez Leyva en su columna del Universal, de que desde el a\u00f1o pasado, el Secretario de Gobernaci\u00f3n, Miguel Angel Osorio Chong le hab\u00eda presentado su renuncia, al presidente de M\u00e9xico Enrique Pe\u00f1a Nieto, el presidente cuando la vio no dijo m\u00e1s que, se mantuviera en su puesto, con atenci\u00f3n al pa\u00eds despu\u00e9s decidir\u00eda, esto es bueno y denota que Osorio Chong no es un pol\u00edtico del mont\u00f3n, es la mejor manera de irse, dejando al presidente margen de recomponer su gabinete.<\/p>\n<p>VIDEGARAY SI FUERA AMIGO DE PE\u00d1A TAMBIEN SE IRIA<\/p>\n<p>Usted sabe que hay dos aspectos en los cuales el presidente, ha fallado la seguridad y la econom\u00eda, la seguridad es responsabilidad de Osorio Chong y Murillo Karam, y la econom\u00eda de Luis Videgeray, por lo tanto si realmente Luis fuera amigo del presidente, tambi\u00e9n a estas alturas tambi\u00e9n ya deber\u00eda haber presentado su renuncia, esperando el momento para que Pe\u00f1a Nieto lo d\u00e9 a conocer, en una fecha espec\u00edfica en la cual tiene que empezar \u00a0la segunda etapa del gobierno de Pe\u00f1a Nieto. Pero urge la renovaci\u00f3n del gabinete del presidente de M\u00e9xico.<\/p>\n<p>\u00bfFREDDY ANAYA PAGARA CULPAS DE SU PAPA?<\/p>\n<p>La percepci\u00f3n general es que el junior de Alfredo Anaya, el joven Freddy tendr\u00e1 que pagar las culpas de su pap\u00e1 en el distrito de Jiquilpan, y bueno una cosa es que sea percepci\u00f3n y otra, que el propio joven acepte esta situaci\u00f3n, nos comentan que una comida que se hace a instancias de Armando Ballinas, la \u00faltima fue por su cumplea\u00f1os, asisten varios amigos mutuos\u00a0 y en la \u00faltima, \u00a0el joven quien acept\u00f3 que teme pagar las deudas pol\u00edticas de su padre, y un asistente asiduo para\u00a0 m\u00e1s se\u00f1as amigo nuestro le reconvino, dijo que \u00e9l no deber\u00eda decir eso de su padre, aunque fuera cierto, eso lo puede decir otra persona menos el hijo, y vaya que nuestro amigo tiene raz\u00f3n.<\/p>\n","protected":false},"excerpt":{"rendered":"<p>\u2022\tMORELIA JOYA DE LA CORONA<br \/>\n\u2022\tPRD, PRI, PAN TRAS ALCALDIA<br \/>\n\u2022\tMA\u00d1ANA OTRO INFIERNO VIAL<br \/>\n\u2022\tJARA HAY DINERO: JDO NO HAY<\/p>\n","protected":false},"author":1,"featured_media":0,"comment_status":"open","ping_status":"open","sticky":false,"template":"","format":"standard","meta":{"footnotes":""},"categories":[4,14,10],"tags":[],"class_list":["post-12833","post","type-post","status-publish","format-standard","hentry","category-columnistas","category-destacadas","category-juan-manuel-belmonte"],"_links":{"self":[{"href":"https:\/\/radiowebmx.com\/nota\/wp-json\/wp\/v2\/posts\/12833","targetHints":{"allow":["GET"]}}],"collection":[{"href":"https:\/\/radiowebmx.com\/nota\/wp-json\/wp\/v2\/posts"}],"about":[{"href":"https:\/\/radiowebmx.com\/nota\/wp-json\/wp\/v2\/types\/post"}],"author":[{"embeddable":true,"href":"https:\/\/radiowebmx.com\/nota\/wp-json\/wp\/v2\/users\/1"}],"replies":[{"embeddable":true,"href":"https:\/\/radiowebmx.com\/nota\/wp-json\/wp\/v2\/comments?post=12833"}],"version-history":[{"count":2,"href":"https:\/\/radiowebmx.com\/nota\/wp-json\/wp\/v2\/posts\/12833\/revisions"}],"predecessor-version":[{"id":12835,"href":"https:\/\/radiowebmx.com\/nota\/wp-json\/wp\/v2\/posts\/12833\/revisions\/12835"}],"wp:attachment":[{"href":"https:\/\/radiowebmx.com\/nota\/wp-json\/wp\/v2\/media?parent=12833"}],"wp:term":[{"taxonomy":"category","embeddable":true,"href":"https:\/\/radiowebmx.com\/nota\/wp-json\/wp\/v2\/categories?post=12833"},{"taxonomy":"post_tag","embeddable":true,"href":"https:\/\/radiowebmx.com\/nota\/wp-json\/wp\/v2\/tags?post=12833"}],"curies":[{"name":"wp","href":"https:\/\/api.w.org\/{rel}","templated":true}]}}