{"id":12827,"date":"2015-01-19T13:11:35","date_gmt":"2015-01-19T19:11:35","guid":{"rendered":"https:\/\/radiowebmx.com\/nota\/?p=12827"},"modified":"2015-01-19T13:11:35","modified_gmt":"2015-01-19T19:11:35","slug":"ventanilla-unica-movil-en-capula","status":"publish","type":"post","link":"https:\/\/radiowebmx.com\/nota\/ventanilla-unica-movil-en-capula\/","title":{"rendered":"VENTANILLA \u00daNICA M\u00d3VIL EN CAPULA"},"content":{"rendered":"<p>La Direcci\u00f3n de Inspecci\u00f3n y Vigilancia del Ayuntamiento de Morelia lleva a los ciudadanos de Capula la oportunidad de realizar los tr\u00e1mites de apertura y revalidaci\u00f3n de licencias de funcionamiento para sus negocios en la Jefatura de Tenencia de su comunidad.<\/p>\n<p>&nbsp;<\/p>\n<p>A partir de este lunes y hasta el pr\u00f3ximo jueves 22 de enero, en horario de 9:00 a 15:00 horas, la Ventanilla \u00danica M\u00f3vil del municipio atender\u00e1 con agilidad y eficiencia a los morelianos que acudan a solicitar los permisos para todo tipo de establecimientos mercantiles y de servicios.<\/p>\n<p>&nbsp;<\/p>\n<p>Los interesados pueden solicitar informes marcando al tel\u00e9fono\u00a0322-07-16 o consultar la p\u00e1gina de Facebook: Inspecci\u00f3n Vigilancia.<\/p>\n","protected":false},"excerpt":{"rendered":"<p>La Direcci\u00f3n de Inspecci\u00f3n y Vigilancia del Ayuntamiento de Morelia lleva a los ciudadanos de Capula la oportunidad de realizar los tr\u00e1mites de apertura y revalidaci\u00f3n de licencias de funcionamiento para sus negocios en la Jefatura de Tenencia de su comunidad.<\/p>\n","protected":false},"author":1,"featured_media":12828,"comment_status":"open","ping_status":"open","sticky":false,"template":"","format":"standard","meta":{"footnotes":""},"categories":[14,9],"tags":[],"class_list":["post-12827","post","type-post","status-publish","format-standard","has-post-thumbnail","hentry","category-destacadas","category-morelia"],"_links":{"self":[{"href":"https:\/\/radiowebmx.com\/nota\/wp-json\/wp\/v2\/posts\/12827","targetHints":{"allow":["GET"]}}],"collection":[{"href":"https:\/\/radiowebmx.com\/nota\/wp-json\/wp\/v2\/posts"}],"about":[{"href":"https:\/\/radiowebmx.com\/nota\/wp-json\/wp\/v2\/types\/post"}],"author":[{"embeddable":true,"href":"https:\/\/radiowebmx.com\/nota\/wp-json\/wp\/v2\/users\/1"}],"replies":[{"embeddable":true,"href":"https:\/\/radiowebmx.com\/nota\/wp-json\/wp\/v2\/comments?post=12827"}],"version-history":[{"count":1,"href":"https:\/\/radiowebmx.com\/nota\/wp-json\/wp\/v2\/posts\/12827\/revisions"}],"predecessor-version":[{"id":12829,"href":"https:\/\/radiowebmx.com\/nota\/wp-json\/wp\/v2\/posts\/12827\/revisions\/12829"}],"wp:featuredmedia":[{"embeddable":true,"href":"https:\/\/radiowebmx.com\/nota\/wp-json\/wp\/v2\/media\/12828"}],"wp:attachment":[{"href":"https:\/\/radiowebmx.com\/nota\/wp-json\/wp\/v2\/media?parent=12827"}],"wp:term":[{"taxonomy":"category","embeddable":true,"href":"https:\/\/radiowebmx.com\/nota\/wp-json\/wp\/v2\/categories?post=12827"},{"taxonomy":"post_tag","embeddable":true,"href":"https:\/\/radiowebmx.com\/nota\/wp-json\/wp\/v2\/tags?post=12827"}],"curies":[{"name":"wp","href":"https:\/\/api.w.org\/{rel}","templated":true}]}}